{"id":180967,"date":"2023-05-04T07:04:23","date_gmt":"2023-05-04T11:04:23","guid":{"rendered":"https:\/\/mspontocom.com.br\/site\/?p=180967"},"modified":"2023-05-04T07:04:23","modified_gmt":"2023-05-04T11:04:23","slug":"stf-ameaca-legislar-sobre-a-pl-da-censura","status":"publish","type":"post","link":"https:\/\/mspontocom.com.br\/site\/stf-ameaca-legislar-sobre-a-pl-da-censura\/","title":{"rendered":"STF amea\u00e7a &#8220;legislar&#8221; sobre a PL da Censura"},"content":{"rendered":"<p style=\"text-align: justify;\"><img loading=\"lazy\" class=\"alignnone size-full wp-image-180977\" src=\"https:\/\/mspontocom.com.br\/site\/wp-content\/uploads\/2023\/05\/site-stf-ameaca-legislar-sobre-a-pl-da-censura-stf-2-e8b5f394.png\" alt=\"\" width=\"800\" height=\"519\" srcset=\"https:\/\/mspontocom.com.br\/site\/wp-content\/uploads\/2023\/05\/site-stf-ameaca-legislar-sobre-a-pl-da-censura-stf-2-e8b5f394.png 800w, https:\/\/mspontocom.com.br\/site\/wp-content\/uploads\/2023\/05\/site-stf-ameaca-legislar-sobre-a-pl-da-censura-stf-2-e8b5f394-260x169.png 260w, https:\/\/mspontocom.com.br\/site\/wp-content\/uploads\/2023\/05\/site-stf-ameaca-legislar-sobre-a-pl-da-censura-stf-2-e8b5f394-768x498.png 768w\" sizes=\"(max-width: 800px) 100vw, 800px\" \/><\/p>\n<p style=\"text-align: justify;\">Se a C\u00e2mara n\u00e3o votar um <strong>projeto da censura<\/strong> que agrade o STF, seus ministros \u201cvoltar\u00e3o a legislar\u201d, dizem fontes com acesso \u00e0 Corte, impondo ao Pa\u00eds o que entenderem para enquadrar as redes sociais.<\/p>\n<p style=\"text-align: justify;\">H\u00e1 precedentes.<\/p>\n<p style=\"text-align: justify;\">Alegando \u201comiss\u00e3o legislativa\u201d, o <strong>STF<\/strong> instituiu em junho de 2019 uma \u201clei\u201d lacradora, enquadrando homofobia e transfobia como \u201ccrimes de racismo\u201d.<\/p>\n<p style=\"text-align: justify;\">O Congresso n\u00e3o reagiu e a \u201comiss\u00e3o legislativa\u201d virou ferramenta para o exerc\u00edcio do poder do STF.<\/p>\n<p style=\"text-align: justify;\">Essa possibilidade foi comunicada pelo presidente da C\u00e2mara, Arthur Lira (PP-AL), defensor da regulamenta\u00e7\u00e3o, junto a l\u00edderes partid\u00e1rios, na tentativa de convenc\u00ea-los a aprovar o projeto.<\/p>\n<div class=\"notas\">\n<div id=\"Nota-4\" class=\"entry-block ch-nota Nota-4\" style=\"text-align: justify;\">\n<h3>Assunto caro ao STF<\/h3>\n<\/div>\n<p style=\"text-align: justify;\">Ministros do STF chegaram a apresentar \u201csugest\u00f5es\u201d para o projeto das fake news, interpretadas na oposi\u00e7\u00e3o como \u201cinterfer\u00eancia no Legislativo\u201d.<\/p>\n<p style=\"text-align: justify;\">Veja mais not\u00edcias em: <a href=\"http:\/\/www.mspontocom.com.br\/\">www.mspontocom.com.br<\/a><\/p>\n<\/div>\n","protected":false},"excerpt":{"rendered":"<p>Se a C\u00e2mara n\u00e3o votar um projeto da censura que agrade o STF, seus ministros \u201cvoltar\u00e3o a legislar\u201d, dizem fontes com acesso \u00e0 Corte, impondo ao Pa\u00eds o que entenderem para enquadrar as redes sociais. H\u00e1 precedentes. Alegando \u201comiss\u00e3o legislativa\u201d, o STF instituiu em junho de 2019 uma \u201clei\u201d lacradora, enquadrando homofobia e transfobia como [&hellip;]<\/p>\n","protected":false},"author":2,"featured_media":180977,"comment_status":"open","ping_status":"open","sticky":false,"template":"","format":"standard","meta":{"_monsterinsights_skip_tracking":false,"_monsterinsights_sitenote_active":false,"_monsterinsights_sitenote_note":"","_monsterinsights_sitenote_category":0},"categories":[30260,2528,30259],"tags":[39525,39512,3014],"aioseo_notices":[],"_links":{"self":[{"href":"https:\/\/mspontocom.com.br\/site\/wp-json\/wp\/v2\/posts\/180967"}],"collection":[{"href":"https:\/\/mspontocom.com.br\/site\/wp-json\/wp\/v2\/posts"}],"about":[{"href":"https:\/\/mspontocom.com.br\/site\/wp-json\/wp\/v2\/types\/post"}],"author":[{"embeddable":true,"href":"https:\/\/mspontocom.com.br\/site\/wp-json\/wp\/v2\/users\/2"}],"replies":[{"embeddable":true,"href":"https:\/\/mspontocom.com.br\/site\/wp-json\/wp\/v2\/comments?post=180967"}],"version-history":[{"count":2,"href":"https:\/\/mspontocom.com.br\/site\/wp-json\/wp\/v2\/posts\/180967\/revisions"}],"predecessor-version":[{"id":180978,"href":"https:\/\/mspontocom.com.br\/site\/wp-json\/wp\/v2\/posts\/180967\/revisions\/180978"}],"wp:featuredmedia":[{"embeddable":true,"href":"https:\/\/mspontocom.com.br\/site\/wp-json\/wp\/v2\/media\/180977"}],"wp:attachment":[{"href":"https:\/\/mspontocom.com.br\/site\/wp-json\/wp\/v2\/media?parent=180967"}],"wp:term":[{"taxonomy":"category","embeddable":true,"href":"https:\/\/mspontocom.com.br\/site\/wp-json\/wp\/v2\/categories?post=180967"},{"taxonomy":"post_tag","embeddable":true,"href":"https:\/\/mspontocom.com.br\/site\/wp-json\/wp\/v2\/tags?post=180967"}],"curies":[{"name":"wp","href":"https:\/\/api.w.org\/{rel}","templated":true}]}}