{"id":180969,"date":"2023-05-04T05:20:30","date_gmt":"2023-05-04T09:20:30","guid":{"rendered":"https:\/\/mspontocom.com.br\/site\/?p=180969"},"modified":"2023-05-04T06:28:18","modified_gmt":"2023-05-04T10:28:18","slug":"senador-acusa-flavio-dino-virou-ministro-para-frear-investigacao-de-corrupcao-no-consorcio-nordeste","status":"publish","type":"post","link":"https:\/\/mspontocom.com.br\/site\/senador-acusa-flavio-dino-virou-ministro-para-frear-investigacao-de-corrupcao-no-consorcio-nordeste\/","title":{"rendered":"Senador acusa Flavio Dino: &#8220;Virou ministro para frear investiga\u00e7\u00e3o de corrup\u00e7\u00e3o no Cons\u00f3rcio Nordeste&#8221;"},"content":{"rendered":"<p style=\"text-align: justify;\"><img loading=\"lazy\" class=\"alignnone size-full wp-image-180975\" src=\"https:\/\/mspontocom.com.br\/site\/wp-content\/uploads\/2023\/05\/site-senador-acusa-flavio-dino-virou-ministro-para-frear-investigacao-de-corrupcao-no-consorcio-nordeste-flavio.jpg\" alt=\"\" width=\"976\" height=\"549\" srcset=\"https:\/\/mspontocom.com.br\/site\/wp-content\/uploads\/2023\/05\/site-senador-acusa-flavio-dino-virou-ministro-para-frear-investigacao-de-corrupcao-no-consorcio-nordeste-flavio.jpg 976w, https:\/\/mspontocom.com.br\/site\/wp-content\/uploads\/2023\/05\/site-senador-acusa-flavio-dino-virou-ministro-para-frear-investigacao-de-corrupcao-no-consorcio-nordeste-flavio-260x146.jpg 260w, https:\/\/mspontocom.com.br\/site\/wp-content\/uploads\/2023\/05\/site-senador-acusa-flavio-dino-virou-ministro-para-frear-investigacao-de-corrupcao-no-consorcio-nordeste-flavio-768x432.jpg 768w\" sizes=\"(max-width: 976px) 100vw, 976px\" \/>O programa P\u00e2nico recebeu o senador <strong>Marcos do Val.<\/strong><\/p>\n<p style=\"text-align: justify;\">Em entrevista, ele falou sobre suas expectativas para a <strong>CPMI do 8 de Janeiro<\/strong>\u00a0e a apura\u00e7\u00e3o sobre os envolvidos nas invas\u00f5es \u00e0 Pra\u00e7a dos Tr\u00eas Poderes.<\/p>\n<p style=\"text-align: justify;\">\u201cQuando houve a invas\u00e3o em si, quem quebrou foram os extremistas. Os bolsonaristas entraram com a roupa verde e amarela filmando, lacrando, botando na rede social e tal. A direita conservadora, idosos e velhinhos, ficaram l\u00e1 fora. Quando vem a pol\u00edcia de choque, ela pega todo mundo\u201d, disse.<\/p>\n<p style=\"text-align: justify;\">Marcos do Val fez cr\u00edticas a <strong>Fl\u00e1vio Dino<\/strong>\u00a0e questionou o passado do ex-governador do Maranh\u00e3o.<\/p>\n<p style=\"text-align: justify;\">\u201cEle entrou pressionando o PT para assumir essa vaga de ministro da Justi\u00e7a porque ele responde processo de<strong> corrup\u00e7\u00e3o no Cons\u00f3rcio Nordeste<\/strong>. Ele tem um irm\u00e3o vice-procurador da Lava Jato. Ele chantageou o PT. A informa\u00e7\u00e3o que eu tive dos bastidores \u00e9 que de fato ele reestruturou as equipes que investigam corrup\u00e7\u00e3o\u201d, afirmou.<\/p>\n<p>Veja mais not\u00edcias em: <a href=\"http:\/\/www.mspontocom.com.br\/\">www.mspontocom.com.br<\/a><\/p>\n","protected":false},"excerpt":{"rendered":"<p>O programa P\u00e2nico recebeu o senador Marcos do Val. Em entrevista, ele falou sobre suas expectativas para a CPMI do 8 de Janeiro\u00a0e a apura\u00e7\u00e3o sobre os envolvidos nas invas\u00f5es \u00e0 Pra\u00e7a dos Tr\u00eas Poderes. \u201cQuando houve a invas\u00e3o em si, quem quebrou foram os extremistas. Os bolsonaristas entraram com a roupa verde e amarela [&hellip;]<\/p>\n","protected":false},"author":2,"featured_media":180975,"comment_status":"open","ping_status":"open","sticky":false,"template":"","format":"standard","meta":{"_monsterinsights_skip_tracking":false,"_monsterinsights_sitenote_active":false,"_monsterinsights_sitenote_note":"","_monsterinsights_sitenote_category":0},"categories":[6,30260,2528,30259],"tags":[37837,327,33940],"aioseo_notices":[],"_links":{"self":[{"href":"https:\/\/mspontocom.com.br\/site\/wp-json\/wp\/v2\/posts\/180969"}],"collection":[{"href":"https:\/\/mspontocom.com.br\/site\/wp-json\/wp\/v2\/posts"}],"about":[{"href":"https:\/\/mspontocom.com.br\/site\/wp-json\/wp\/v2\/types\/post"}],"author":[{"embeddable":true,"href":"https:\/\/mspontocom.com.br\/site\/wp-json\/wp\/v2\/users\/2"}],"replies":[{"embeddable":true,"href":"https:\/\/mspontocom.com.br\/site\/wp-json\/wp\/v2\/comments?post=180969"}],"version-history":[{"count":2,"href":"https:\/\/mspontocom.com.br\/site\/wp-json\/wp\/v2\/posts\/180969\/revisions"}],"predecessor-version":[{"id":180976,"href":"https:\/\/mspontocom.com.br\/site\/wp-json\/wp\/v2\/posts\/180969\/revisions\/180976"}],"wp:featuredmedia":[{"embeddable":true,"href":"https:\/\/mspontocom.com.br\/site\/wp-json\/wp\/v2\/media\/180975"}],"wp:attachment":[{"href":"https:\/\/mspontocom.com.br\/site\/wp-json\/wp\/v2\/media?parent=180969"}],"wp:term":[{"taxonomy":"category","embeddable":true,"href":"https:\/\/mspontocom.com.br\/site\/wp-json\/wp\/v2\/categories?post=180969"},{"taxonomy":"post_tag","embeddable":true,"href":"https:\/\/mspontocom.com.br\/site\/wp-json\/wp\/v2\/tags?post=180969"}],"curies":[{"name":"wp","href":"https:\/\/api.w.org\/{rel}","templated":true}]}}