{"id":181117,"date":"2023-05-11T07:04:48","date_gmt":"2023-05-11T11:04:48","guid":{"rendered":"https:\/\/mspontocom.com.br\/site\/?p=181117"},"modified":"2023-05-11T07:22:09","modified_gmt":"2023-05-11T11:22:09","slug":"lava-jato-reagemendes-destila-odio-e-sua-mensagem-e-perversa","status":"publish","type":"post","link":"https:\/\/mspontocom.com.br\/site\/lava-jato-reagemendes-destila-odio-e-sua-mensagem-e-perversa\/","title":{"rendered":"Lava Jato reage a Gilmar Mendes: \u2018Destila \u00f3dio e sua mensagem \u00e9 perversa\u2019"},"content":{"rendered":"<p style=\"text-align: justify;\"><img loading=\"lazy\" class=\"alignnone size-full wp-image-181119\" src=\"https:\/\/mspontocom.com.br\/site\/wp-content\/uploads\/2023\/05\/site-lava-jato-reage-a-gilmar-mendes-destila-odio-e-sua-mensagem-e-perversa-dalagnoll-ag-brasil-600x391-1.jpg\" alt=\"\" width=\"600\" height=\"391\" srcset=\"https:\/\/mspontocom.com.br\/site\/wp-content\/uploads\/2023\/05\/site-lava-jato-reage-a-gilmar-mendes-destila-odio-e-sua-mensagem-e-perversa-dalagnoll-ag-brasil-600x391-1.jpg 600w, https:\/\/mspontocom.com.br\/site\/wp-content\/uploads\/2023\/05\/site-lava-jato-reage-a-gilmar-mendes-destila-odio-e-sua-mensagem-e-perversa-dalagnoll-ag-brasil-600x391-1-260x169.jpg 260w\" sizes=\"(max-width: 600px) 100vw, 600px\" \/><\/p>\n<p style=\"text-align: justify;\">O deputado federal Deltan Dallagnol reagiu \u00e0s declara\u00e7\u00f5es do ministro <strong>Gilmar Mendes,<\/strong> do STF, que mais uma vez atacou a <strong>Opera\u00e7\u00e3o Lava Jato.<\/strong><\/p>\n<p style=\"text-align: justify;\">Em um post no Twitter,\u00a0 Dallagnol afirmou que o ministro espalha uma mensagem de \u00f3dio, perversa e avessa ao sentimento de justi\u00e7a.<\/p>\n<p style=\"text-align: justify;\">\u201cO ministro destila um \u00f3dio que mostra o que h\u00e1 em seu cora\u00e7\u00e3o. Sua mensagem \u00e9 perversa e avessa ao que \u00e9 justo, moral e \u00e9tico. Suas palavras ilustram a invers\u00e3o de valores que injuriam os brasileiros\u201d, escreveu Dallagnol.<\/p>\n<p style=\"text-align: justify;\">Al\u00e9m disso, o deputado afirmou que frequentemente Gilmar vota <strong>\u201csistematicamente em favor da absolvi\u00e7\u00e3o e da anula\u00e7\u00e3o de senten\u00e7as de corruptos, contra os votos t\u00e9cnicos de ministros como Edson Fachin\u201d e que nunca \u201crespeitou a liturgia do cargo&#8221;.<\/strong><\/p>\n<p style=\"text-align: justify;\">O ex-procurador da Lava Jato formulou uma s\u00e9rie de indaga\u00e7\u00f5es a Gilmar:<\/p>\n<p style=\"text-align: justify;\">\u201cH\u00e1 muitas quest\u00f5es que o ministro Gilmar precisa responder: o senhor j\u00e1 ligou para reda\u00e7\u00f5es pedindo a cabe\u00e7a de jornalistas? J\u00e1 ligou para universidades pedindo a cabe\u00e7a de acad\u00eamicos cujo trabalho lhe desagradou? J\u00e1 ligou para pol\u00edticos para fazer indica\u00e7\u00f5es? Ligou para ministros de outros tribunais para influenciar votos?\u201d.<\/p>\n<p style=\"text-align: justify;\"><strong>Como uma esp\u00e9cie de desagravo, Dallagnol terminou a postagem com uma homenagem a Curitiba. <\/strong><\/p>\n<p style=\"text-align: justify;\">\u201cNossa cidade \u00e9 e continuar\u00e1 sendo luz para o pa\u00eds e o mundo. A avers\u00e3o que alguns t\u00eam \u00e0 bela Rep\u00fablica de Curitiba \u00e9 porque o povo paranaense n\u00e3o tem sangue (ou sobrenome) de barata\u201d, finalizou.<\/p>\n<p style=\"text-align: justify;\">Veja mais not\u00edcias em: <a href=\"http:\/\/www.mspontocom.com.br\/\">www.mspontocom.com.br<\/a><\/p>\n","protected":false},"excerpt":{"rendered":"<p>O deputado federal Deltan Dallagnol reagiu \u00e0s declara\u00e7\u00f5es do ministro Gilmar Mendes, do STF, que mais uma vez atacou a Opera\u00e7\u00e3o Lava Jato. Em um post no Twitter,\u00a0 Dallagnol afirmou que o ministro espalha uma mensagem de \u00f3dio, perversa e avessa ao sentimento de justi\u00e7a. \u201cO ministro destila um \u00f3dio que mostra o que h\u00e1 [&hellip;]<\/p>\n","protected":false},"author":2,"featured_media":181119,"comment_status":"open","ping_status":"open","sticky":false,"template":"","format":"standard","meta":{"_monsterinsights_skip_tracking":false,"_monsterinsights_sitenote_active":false,"_monsterinsights_sitenote_note":"","_monsterinsights_sitenote_category":0},"categories":[6,30260,2528,30259],"tags":[5037,21419,26159],"aioseo_notices":[],"_links":{"self":[{"href":"https:\/\/mspontocom.com.br\/site\/wp-json\/wp\/v2\/posts\/181117"}],"collection":[{"href":"https:\/\/mspontocom.com.br\/site\/wp-json\/wp\/v2\/posts"}],"about":[{"href":"https:\/\/mspontocom.com.br\/site\/wp-json\/wp\/v2\/types\/post"}],"author":[{"embeddable":true,"href":"https:\/\/mspontocom.com.br\/site\/wp-json\/wp\/v2\/users\/2"}],"replies":[{"embeddable":true,"href":"https:\/\/mspontocom.com.br\/site\/wp-json\/wp\/v2\/comments?post=181117"}],"version-history":[{"count":2,"href":"https:\/\/mspontocom.com.br\/site\/wp-json\/wp\/v2\/posts\/181117\/revisions"}],"predecessor-version":[{"id":181120,"href":"https:\/\/mspontocom.com.br\/site\/wp-json\/wp\/v2\/posts\/181117\/revisions\/181120"}],"wp:featuredmedia":[{"embeddable":true,"href":"https:\/\/mspontocom.com.br\/site\/wp-json\/wp\/v2\/media\/181119"}],"wp:attachment":[{"href":"https:\/\/mspontocom.com.br\/site\/wp-json\/wp\/v2\/media?parent=181117"}],"wp:term":[{"taxonomy":"category","embeddable":true,"href":"https:\/\/mspontocom.com.br\/site\/wp-json\/wp\/v2\/categories?post=181117"},{"taxonomy":"post_tag","embeddable":true,"href":"https:\/\/mspontocom.com.br\/site\/wp-json\/wp\/v2\/tags?post=181117"}],"curies":[{"name":"wp","href":"https:\/\/api.w.org\/{rel}","templated":true}]}}