{"id":181250,"date":"2023-05-17T06:30:03","date_gmt":"2023-05-17T10:30:03","guid":{"rendered":"https:\/\/mspontocom.com.br\/site\/?p=181250"},"modified":"2023-05-17T06:30:03","modified_gmt":"2023-05-17T10:30:03","slug":"folha-acoes-de-moraes-contra-bolsonaro-geram-duvidas-sobre-legalidade","status":"publish","type":"post","link":"https:\/\/mspontocom.com.br\/site\/folha-acoes-de-moraes-contra-bolsonaro-geram-duvidas-sobre-legalidade\/","title":{"rendered":"Folha: A\u00e7\u00f5es de Moraes contra Bolsonaro geram \u2018d\u00favidas sobre legalidade\u2019"},"content":{"rendered":"<p style=\"text-align: justify;\"><img loading=\"lazy\" class=\"alignnone size-full wp-image-181264\" src=\"https:\/\/mspontocom.com.br\/site\/wp-content\/uploads\/2023\/05\/site-folha-acoes-de-moraes-contra-bolsonaro-geram-duvidas-sobre-legalidade-bolsonaro-e-moraes-1.webp\" alt=\"\" width=\"1200\" height=\"800\" srcset=\"https:\/\/mspontocom.com.br\/site\/wp-content\/uploads\/2023\/05\/site-folha-acoes-de-moraes-contra-bolsonaro-geram-duvidas-sobre-legalidade-bolsonaro-e-moraes-1.webp 1200w, https:\/\/mspontocom.com.br\/site\/wp-content\/uploads\/2023\/05\/site-folha-acoes-de-moraes-contra-bolsonaro-geram-duvidas-sobre-legalidade-bolsonaro-e-moraes-1-260x173.webp 260w, https:\/\/mspontocom.com.br\/site\/wp-content\/uploads\/2023\/05\/site-folha-acoes-de-moraes-contra-bolsonaro-geram-duvidas-sobre-legalidade-bolsonaro-e-moraes-1-1024x683.webp 1024w, https:\/\/mspontocom.com.br\/site\/wp-content\/uploads\/2023\/05\/site-folha-acoes-de-moraes-contra-bolsonaro-geram-duvidas-sobre-legalidade-bolsonaro-e-moraes-1-768x512.webp 768w\" sizes=\"(max-width: 1200px) 100vw, 1200px\" \/><\/p>\n<p style=\"text-align: justify;\">O site do jornal<em>\u00a0Folha de S.Paulo<\/em> publicou reportagem em que classifica como \u201cdevassa\u201d as recentes a\u00e7\u00f5es do ministro Alexandre de Moraes contra pessoas pr\u00f3ximas ao ex-presidente Jair Bolsonaro.<\/p>\n<p style=\"text-align: justify;\">No t\u00edtulo, o jornal afirma que decis\u00f5es de Moraes t\u00eam gerado \u201cd\u00favidas sobre legalidade\u201d.<\/p>\n<p style=\"text-align: justify;\">Para tal afirma\u00e7\u00e3o, a reportagem da publica\u00e7\u00e3o conversou com cinco criminalistas.<\/p>\n<p style=\"text-align: justify;\">Entre outros pontos, a\u00a0<em>Folha<\/em> cita que o ministro do STF determinou a quebra do sigilo do aparelho telef\u00f4nico de Mauro Cid, ex-ajudante de ordens da Presid\u00eancia da Rep\u00fablica.<\/p>\n<p style=\"text-align: justify;\">Com isso, o ve\u00edculo ressalta que parte da rotina de Bolsonaro enquanto chefe de Estado foi exposta.<\/p>\n<p style=\"text-align: justify;\">\u201cCriminalistas ouvidos pela\u00a0<em>Folha<\/em><strong>\u00a0<\/strong>afirmam que, por se tratar de uma medida excepcional de investiga\u00e7\u00e3o, ela s\u00f3 \u00e9 adotada a partir de ind\u00edcios concretos de sua necessidade e de forma proporcional ao que \u00e9 investigado\u201d, afirma o site do jornal.<\/p>\n<p style=\"text-align: justify;\">Nesse sentido, o ve\u00edculo refor\u00e7a que, em 2022, a PGR pediu por seis vezes o arquivamento de investiga\u00e7\u00e3o contra Bolsonaro.<\/p>\n<p style=\"text-align: justify;\">A reportagem completa da<em>\u00a0Folha<\/em>\u00a0<strong><a href=\"https:\/\/www1.folha.uol.com.br\/poder\/2023\/05\/devassa-de-moraes-no-entorno-de-bolsonaro-gera-duvida-sobre-legalidade-dizem-especialistas.shtml?utm_source=twitter&amp;utm_medium=social&amp;utm_campaign=twfolha\" target=\"_blank\" rel=\"noreferrer noopener\">pode ser lida aqui<\/a><\/strong>.<\/p>\n<p>foto: Metr\u00f3poles<\/p>\n<p style=\"text-align: justify;\">Veja mais not\u00edcias em: <a href=\"http:\/\/www.mspontocom.com.br\/\">www.mspontocom.com.br<\/a><\/p>\n","protected":false},"excerpt":{"rendered":"<p>O site do jornal\u00a0Folha de S.Paulo publicou reportagem em que classifica como \u201cdevassa\u201d as recentes a\u00e7\u00f5es do ministro Alexandre de Moraes contra pessoas pr\u00f3ximas ao ex-presidente Jair Bolsonaro. No t\u00edtulo, o jornal afirma que decis\u00f5es de Moraes t\u00eam gerado \u201cd\u00favidas sobre legalidade\u201d. Para tal afirma\u00e7\u00e3o, a reportagem da publica\u00e7\u00e3o conversou com cinco criminalistas. Entre outros [&hellip;]<\/p>\n","protected":false},"author":2,"featured_media":181264,"comment_status":"open","ping_status":"open","sticky":false,"template":"","format":"standard","meta":{"_monsterinsights_skip_tracking":false,"_monsterinsights_sitenote_active":false,"_monsterinsights_sitenote_note":"","_monsterinsights_sitenote_category":0},"categories":[30260,2528,30259],"tags":[1999,21017,13661,39568,35247],"aioseo_notices":[],"_links":{"self":[{"href":"https:\/\/mspontocom.com.br\/site\/wp-json\/wp\/v2\/posts\/181250"}],"collection":[{"href":"https:\/\/mspontocom.com.br\/site\/wp-json\/wp\/v2\/posts"}],"about":[{"href":"https:\/\/mspontocom.com.br\/site\/wp-json\/wp\/v2\/types\/post"}],"author":[{"embeddable":true,"href":"https:\/\/mspontocom.com.br\/site\/wp-json\/wp\/v2\/users\/2"}],"replies":[{"embeddable":true,"href":"https:\/\/mspontocom.com.br\/site\/wp-json\/wp\/v2\/comments?post=181250"}],"version-history":[{"count":2,"href":"https:\/\/mspontocom.com.br\/site\/wp-json\/wp\/v2\/posts\/181250\/revisions"}],"predecessor-version":[{"id":181265,"href":"https:\/\/mspontocom.com.br\/site\/wp-json\/wp\/v2\/posts\/181250\/revisions\/181265"}],"wp:featuredmedia":[{"embeddable":true,"href":"https:\/\/mspontocom.com.br\/site\/wp-json\/wp\/v2\/media\/181264"}],"wp:attachment":[{"href":"https:\/\/mspontocom.com.br\/site\/wp-json\/wp\/v2\/media?parent=181250"}],"wp:term":[{"taxonomy":"category","embeddable":true,"href":"https:\/\/mspontocom.com.br\/site\/wp-json\/wp\/v2\/categories?post=181250"},{"taxonomy":"post_tag","embeddable":true,"href":"https:\/\/mspontocom.com.br\/site\/wp-json\/wp\/v2\/tags?post=181250"}],"curies":[{"name":"wp","href":"https:\/\/api.w.org\/{rel}","templated":true}]}}