{"id":181452,"date":"2023-05-24T06:26:13","date_gmt":"2023-05-24T10:26:13","guid":{"rendered":"https:\/\/mspontocom.com.br\/site\/?p=181452"},"modified":"2023-05-24T08:54:26","modified_gmt":"2023-05-24T12:54:26","slug":"semana-de-imersao-total-em-astronomia-inscricoes-abertas-2","status":"publish","type":"post","link":"https:\/\/mspontocom.com.br\/site\/semana-de-imersao-total-em-astronomia-inscricoes-abertas-2\/","title":{"rendered":"Semana de Imers\u00e3o Total em Astronomia. Inscri\u00e7\u00f5es abertas"},"content":{"rendered":"<p><img loading=\"lazy\" class=\"alignnone size-full wp-image-181459\" src=\"https:\/\/mspontocom.com.br\/site\/wp-content\/uploads\/2023\/05\/site-semana-de-imersao-total-em-astronomia-capa-semana-de-imersao-em-astronomia-e1684932547157.png\" alt=\"\" width=\"948\" height=\"558\" srcset=\"https:\/\/mspontocom.com.br\/site\/wp-content\/uploads\/2023\/05\/site-semana-de-imersao-total-em-astronomia-capa-semana-de-imersao-em-astronomia-e1684932547157.png 948w, https:\/\/mspontocom.com.br\/site\/wp-content\/uploads\/2023\/05\/site-semana-de-imersao-total-em-astronomia-capa-semana-de-imersao-em-astronomia-e1684932547157-260x153.png 260w, https:\/\/mspontocom.com.br\/site\/wp-content\/uploads\/2023\/05\/site-semana-de-imersao-total-em-astronomia-capa-semana-de-imersao-em-astronomia-e1684932547157-768x452.png 768w\" sizes=\"(max-width: 948px) 100vw, 948px\" \/><\/p>\n<p style=\"text-align: justify;\">Est\u00e3o abertas as inscri\u00e7\u00f5es para a Semana de Imers\u00e3o Total em Astronomia.<\/p>\n<p style=\"font-weight: 400; text-align: justify;\"><strong>O que \u00e9?<\/strong><\/p>\n<p style=\"font-weight: 400; text-align: justify;\">A Semana de Imers\u00e3o Total em Astronomia (SeITA) \u00e9 um evento realizado anualmente pelo Observat\u00f3rio Did\u00e1tico de Astronomia da Unesp de Bauru.<\/p>\n<p style=\"font-weight: 400; text-align: justify;\"><strong>Qual \u00e9 o objetivo?<\/strong><\/p>\n<p style=\"font-weight: 400; text-align: justify;\">O objetivo da SeITA \u00e9 popularizar a Astronomia e torn\u00e1-la mais acess\u00edvel. O evento \u00e9 composto por uma sequ\u00eancia de palestras, al\u00e9m de outras atividades opcionais.<\/p>\n<p style=\"font-weight: 400; text-align: justify;\"><strong>Quais s\u00e3o as atividades?<\/strong><\/p>\n<p style=\"font-weight: 400; text-align: justify;\">As atividades adicionais opcionais s\u00e3o: observa\u00e7\u00e3o guiada do c\u00e9u noturno, oficina de reconhecimento de constela\u00e7\u00f5es e uso de mapas celestes, exposi\u00e7\u00f5es de astrofotografias e projetos de astronomia, observa\u00e7\u00e3o da Lua e do Sol com telesc\u00f3pios, visita monitorada ao Observat\u00f3rio de Astronomia da Unesp, sorteios de bel\u00edssimos p\u00f4steres de Astronomia, presentes especiais para participantes que s\u00e3o professores, astro-camping na fazenda e star party.<\/p>\n<p style=\"font-weight: 400; text-align: justify;\"><strong>Para quem?<\/strong><\/p>\n<p style=\"font-weight: 400; text-align: justify;\">A SeITA destina-se a todas as pessoas que possuem interesse em aprender Astronomia sem pr\u00e9-requisitos.<\/p>\n<p style=\"font-weight: 400; text-align: justify;\"><strong>Quando?<\/strong><\/p>\n<p style=\"font-weight: 400; text-align: justify;\">De 3 a 7 de julho de 2023 das 8:00 \u00e0s 17:30, com eventuais atividades noturnas opcionais e no s\u00e1bado n\u00e3o obrigat\u00f3rias.<\/p>\n<p style=\"font-weight: 400; text-align: justify;\"><strong>Onde?<\/strong><\/p>\n<p style=\"font-weight: 400; text-align: justify;\">Audit\u00f3rio do Departamento de Educa\u00e7\u00e3o da Unesp de Bauru.<\/p>\n<p style=\"font-weight: 400; text-align: justify;\"><strong>Ser\u00e1 s\u00f3 presencial?<\/strong><\/p>\n<p style=\"font-weight: 400; text-align: justify;\">Sim. N\u00e3o ser\u00e1 um evento h\u00edbrido nem ser\u00e1 transmitido.<\/p>\n<p style=\"font-weight: 400; text-align: justify;\"><strong>Os materiais das palestras ficar\u00e3o dispon\u00edveis?<\/strong><\/p>\n<p style=\"font-weight: 400; text-align: justify;\">Sim. Todos que fizerem suas inscri\u00e7\u00f5es poder\u00e3o acessar os slides\/materiais did\u00e1ticos.<\/p>\n<p style=\"font-weight: 400; text-align: justify;\"><strong>Qual ser\u00e1 o conte\u00fado?<\/strong><\/p>\n<p style=\"font-weight: 400; text-align: justify;\">Principais t\u00f3picos da \u00e1rea de Astronomia Introdut\u00f3ria. O conte\u00fado ser\u00e1 trabalhado numa linguagem apropriada para que pessoas de diversos n\u00edveis acad\u00eamicos e de diversas \u00e1reas possam compreender. Consulte a PROGRAMA\u00c7\u00c3O do evento.<\/p>\n<p style=\"font-weight: 400; text-align: justify;\"><strong>Quem ser\u00e1 o palestrante?<\/strong><\/p>\n<p style=\"font-weight: 400; text-align: justify;\">As palestras ser\u00e3o ministradas pelo astr\u00f4nomo profissional, Prof. Dr. Roberto Boczko, do Instituto de Astronomia, Geof\u00edsica e Ci\u00eancias Atmosf\u00e9ricas da Universidade de S\u00e3o Paulo (IAG\/USP), nosso convidado especial com uma did\u00e1tica fascinante que prende a nossa aten\u00e7\u00e3o do in\u00edcio ao fim!<\/p>\n<p style=\"font-weight: 400; text-align: justify;\"><strong>Quanto custa?<\/strong><\/p>\n<p style=\"font-weight: 400; text-align: justify;\">O investimento \u00e9 de apenas R$ 55,00 e todo o valor arrecadado das inscri\u00e7\u00f5es ser\u00e1 encaminhado para ajudar nas atividades do Observat\u00f3rio. A maioria das atividades opcionais s\u00e3o gratu\u00edtas, outras dever\u00e3o ser cobradas (consulte a programa\u00e7\u00e3o do evento para mais detalhes).<\/p>\n<p style=\"font-weight: 400; text-align: justify;\"><strong>INSCREVA-SE J\u00c1 E GARANTA A SUA VAGA!<\/strong><\/p>\n<p style=\"font-weight: 400; text-align: justify;\"><a href=\"https:\/\/www.sympla.com.br\/viii-semana-de-imersao-total-em-astronomia-seita-de-2023__2001314\" data-saferedirecturl=\"https:\/\/www.google.com\/url?q=https:\/\/www.sympla.com.br\/viii-semana-de-imersao-total-em-astronomia-seita-de-2023__2001314&amp;source=gmail&amp;ust=1685015289583000&amp;usg=AOvVaw0klWTSwJtTU5_76OMJScjS\">https:\/\/www.sympla.com.br\/viii-semana-de-imersao-total-em-astronomia-seita-de-2023__2001314<\/a><\/p>\n<p style=\"text-align: justify;\">\n<p style=\"text-align: justify;\">Veja mais not\u00edcias em: <a href=\"http:\/\/www.mspontocom.com.br\/\">www.mspontocom.com.br<\/a><\/p>\n","protected":false},"excerpt":{"rendered":"<p>Est\u00e3o abertas as inscri\u00e7\u00f5es para a Semana de Imers\u00e3o Total em Astronomia. O que \u00e9? A Semana de Imers\u00e3o Total em Astronomia (SeITA) \u00e9 um evento realizado anualmente pelo Observat\u00f3rio Did\u00e1tico de Astronomia da Unesp de Bauru. Qual \u00e9 o objetivo? O objetivo da SeITA \u00e9 popularizar a Astronomia e torn\u00e1-la mais acess\u00edvel. O evento [&hellip;]<\/p>\n","protected":false},"author":2,"featured_media":181459,"comment_status":"open","ping_status":"open","sticky":false,"template":"","format":"standard","meta":{"_monsterinsights_skip_tracking":false,"_monsterinsights_sitenote_active":false,"_monsterinsights_sitenote_note":"","_monsterinsights_sitenote_category":0},"categories":[7752],"tags":[455,39598],"aioseo_notices":[],"_links":{"self":[{"href":"https:\/\/mspontocom.com.br\/site\/wp-json\/wp\/v2\/posts\/181452"}],"collection":[{"href":"https:\/\/mspontocom.com.br\/site\/wp-json\/wp\/v2\/posts"}],"about":[{"href":"https:\/\/mspontocom.com.br\/site\/wp-json\/wp\/v2\/types\/post"}],"author":[{"embeddable":true,"href":"https:\/\/mspontocom.com.br\/site\/wp-json\/wp\/v2\/users\/2"}],"replies":[{"embeddable":true,"href":"https:\/\/mspontocom.com.br\/site\/wp-json\/wp\/v2\/comments?post=181452"}],"version-history":[{"count":2,"href":"https:\/\/mspontocom.com.br\/site\/wp-json\/wp\/v2\/posts\/181452\/revisions"}],"predecessor-version":[{"id":181460,"href":"https:\/\/mspontocom.com.br\/site\/wp-json\/wp\/v2\/posts\/181452\/revisions\/181460"}],"wp:featuredmedia":[{"embeddable":true,"href":"https:\/\/mspontocom.com.br\/site\/wp-json\/wp\/v2\/media\/181459"}],"wp:attachment":[{"href":"https:\/\/mspontocom.com.br\/site\/wp-json\/wp\/v2\/media?parent=181452"}],"wp:term":[{"taxonomy":"category","embeddable":true,"href":"https:\/\/mspontocom.com.br\/site\/wp-json\/wp\/v2\/categories?post=181452"},{"taxonomy":"post_tag","embeddable":true,"href":"https:\/\/mspontocom.com.br\/site\/wp-json\/wp\/v2\/tags?post=181452"}],"curies":[{"name":"wp","href":"https:\/\/api.w.org\/{rel}","templated":true}]}}