{"id":181510,"date":"2023-05-26T08:14:32","date_gmt":"2023-05-26T12:14:32","guid":{"rendered":"https:\/\/mspontocom.com.br\/site\/?p=181510"},"modified":"2023-05-26T08:14:32","modified_gmt":"2023-05-26T12:14:32","slug":"abaixo-assinado-pede-para-que-fifa-crie-punicao-contra-manifestacoes-racistas","status":"publish","type":"post","link":"https:\/\/mspontocom.com.br\/site\/abaixo-assinado-pede-para-que-fifa-crie-punicao-contra-manifestacoes-racistas\/","title":{"rendered":"Abaixo-assinado pede para que Fifa crie puni\u00e7\u00e3o contra manifesta\u00e7\u00f5es racistas"},"content":{"rendered":"<p style=\"text-align: justify;\"><img loading=\"lazy\" class=\"alignnone size-full wp-image-181518\" src=\"https:\/\/mspontocom.com.br\/site\/wp-content\/uploads\/2023\/05\/site-abaixo-assinado-pede-para-que-fifa-crie-punicao-contra-manifestacoes-racistas-vini-e1685103134517.jpg\" alt=\"\" width=\"932\" height=\"579\" srcset=\"https:\/\/mspontocom.com.br\/site\/wp-content\/uploads\/2023\/05\/site-abaixo-assinado-pede-para-que-fifa-crie-punicao-contra-manifestacoes-racistas-vini-e1685103134517.jpg 932w, https:\/\/mspontocom.com.br\/site\/wp-content\/uploads\/2023\/05\/site-abaixo-assinado-pede-para-que-fifa-crie-punicao-contra-manifestacoes-racistas-vini-e1685103134517-260x162.jpg 260w, https:\/\/mspontocom.com.br\/site\/wp-content\/uploads\/2023\/05\/site-abaixo-assinado-pede-para-que-fifa-crie-punicao-contra-manifestacoes-racistas-vini-e1685103134517-768x477.jpg 768w\" sizes=\"(max-width: 932px) 100vw, 932px\" \/><\/p>\n<p style=\"text-align: justify;\">Em apenas tr\u00eas dias, um\u00a0<a href=\"https:\/\/click.cse360.com.br\/Click\/AddCampaignEmailClick\/28aaa4d0-21b9-4e73-8b86-08db51512ca3\/https%253a%252f%252fwww.change.org%252fp%252fcriar-puni%2525C3%2525A7%2525C3%2525A3o-fifa-para-clubes-e-torcidas-com-manifesta%2525C3%2525A7%2525C3%2525B5es-racistas-e-lgbtqia\/3a62c3e8-195a-4a2c-fc4a-08d7c5ff26d1\/mspontocom@gmail.com\/True\" target=\"_blank\" rel=\"noopener noreferrer\" data-saferedirecturl=\"https:\/\/www.google.com\/url?q=https:\/\/click.cse360.com.br\/Click\/AddCampaignEmailClick\/28aaa4d0-21b9-4e73-8b86-08db51512ca3\/https%25253a%25252f%25252fwww.change.org%25252fp%25252fcriar-puni%252525C3%252525A7%252525C3%252525A3o-fifa-para-clubes-e-torcidas-com-manifesta%252525C3%252525A7%252525C3%252525B5es-racistas-e-lgbtqia\/3a62c3e8-195a-4a2c-fc4a-08d7c5ff26d1\/mspontocom@gmail.com\/True&amp;source=gmail&amp;ust=1685182193196000&amp;usg=AOvVaw0qXxIQLhTPriIKVIkajrE3\">abaixo-assinado<\/a>\u00a0engajou mais de 20,4 mil apoiadores pedindo que a Federa\u00e7\u00e3o Internacional de Futebol (Fifa) crie um modelo de puni\u00e7\u00e3o institucionalizada contra clubes e torcidas que pratiquem manifesta\u00e7\u00f5es racistas e LGBTf\u00f3bicas.<\/p>\n<p style=\"text-align: justify;\">A peti\u00e7\u00e3o online foi aberta por um usu\u00e1rio da plataforma Change.org e segue em acentuado crescimento.<\/p>\n<p style=\"text-align: justify;\"><em>Confira o texto na \u00edntegra:\u00a0<\/em><a href=\"https:\/\/click.cse360.com.br\/Click\/AddCampaignEmailClick\/28aaa4d0-21b9-4e73-8b86-08db51512ca3\/http%253a%252f%252fchange.org%252fFutebolAntiRacista\/3a62c3e8-195a-4a2c-fc4a-08d7c5ff26d1\/mspontocom@gmail.com\/True\" target=\"_blank\" rel=\"noopener noreferrer\" data-saferedirecturl=\"https:\/\/www.google.com\/url?q=https:\/\/click.cse360.com.br\/Click\/AddCampaignEmailClick\/28aaa4d0-21b9-4e73-8b86-08db51512ca3\/http%25253a%25252f%25252fchange.org%25252fFutebolAntiRacista\/3a62c3e8-195a-4a2c-fc4a-08d7c5ff26d1\/mspontocom@gmail.com\/True&amp;source=gmail&amp;ust=1685182193197000&amp;usg=AOvVaw1GwrgRdTJGeI6sB3_62jG8\"><em>http:\/\/change.org\/<wbr \/>FutebolAntiRacista<\/em><\/a><em>\u00a0<\/em><\/p>\n<p style=\"text-align: justify;\">A proposta apresentada na peti\u00e7\u00e3o inclui a perda de pontos nos campeonatos para os times de futebol que tenham torcidas cometendo os atos, bem como identifica\u00e7\u00e3o dos torcedores agressores, com banimento dos est\u00e1dios e pris\u00e3o, segundo a legisla\u00e7\u00e3o de seus pa\u00edses.<\/p>\n<p style=\"text-align: justify;\">O manifesto reivindica, ainda, que a norma seja acatada pelas confedera\u00e7\u00f5es e ligas.<\/p>\n<p style=\"text-align: justify;\">\n<p>Veja mais not\u00edcias em: <a href=\"http:\/\/www.mspontocom.com.br\/\">www.mspontocom.com.br<\/a><\/p>\n<p>&nbsp;<\/p>\n","protected":false},"excerpt":{"rendered":"<p>Em apenas tr\u00eas dias, um\u00a0abaixo-assinado\u00a0engajou mais de 20,4 mil apoiadores pedindo que a Federa\u00e7\u00e3o Internacional de Futebol (Fifa) crie um modelo de puni\u00e7\u00e3o institucionalizada contra clubes e torcidas que pratiquem manifesta\u00e7\u00f5es racistas e LGBTf\u00f3bicas. A peti\u00e7\u00e3o online foi aberta por um usu\u00e1rio da plataforma Change.org e segue em acentuado crescimento. Confira o texto na \u00edntegra:\u00a0http:\/\/change.org\/FutebolAntiRacista\u00a0 [&hellip;]<\/p>\n","protected":false},"author":2,"featured_media":181518,"comment_status":"open","ping_status":"open","sticky":false,"template":"","format":"standard","meta":{"_monsterinsights_skip_tracking":false,"_monsterinsights_sitenote_active":false,"_monsterinsights_sitenote_note":"","_monsterinsights_sitenote_category":0},"categories":[2528],"tags":[7617,146,926,39605,39604],"aioseo_notices":[],"_links":{"self":[{"href":"https:\/\/mspontocom.com.br\/site\/wp-json\/wp\/v2\/posts\/181510"}],"collection":[{"href":"https:\/\/mspontocom.com.br\/site\/wp-json\/wp\/v2\/posts"}],"about":[{"href":"https:\/\/mspontocom.com.br\/site\/wp-json\/wp\/v2\/types\/post"}],"author":[{"embeddable":true,"href":"https:\/\/mspontocom.com.br\/site\/wp-json\/wp\/v2\/users\/2"}],"replies":[{"embeddable":true,"href":"https:\/\/mspontocom.com.br\/site\/wp-json\/wp\/v2\/comments?post=181510"}],"version-history":[{"count":2,"href":"https:\/\/mspontocom.com.br\/site\/wp-json\/wp\/v2\/posts\/181510\/revisions"}],"predecessor-version":[{"id":181519,"href":"https:\/\/mspontocom.com.br\/site\/wp-json\/wp\/v2\/posts\/181510\/revisions\/181519"}],"wp:featuredmedia":[{"embeddable":true,"href":"https:\/\/mspontocom.com.br\/site\/wp-json\/wp\/v2\/media\/181518"}],"wp:attachment":[{"href":"https:\/\/mspontocom.com.br\/site\/wp-json\/wp\/v2\/media?parent=181510"}],"wp:term":[{"taxonomy":"category","embeddable":true,"href":"https:\/\/mspontocom.com.br\/site\/wp-json\/wp\/v2\/categories?post=181510"},{"taxonomy":"post_tag","embeddable":true,"href":"https:\/\/mspontocom.com.br\/site\/wp-json\/wp\/v2\/tags?post=181510"}],"curies":[{"name":"wp","href":"https:\/\/api.w.org\/{rel}","templated":true}]}}