{"id":181652,"date":"2023-06-01T06:31:36","date_gmt":"2023-06-01T10:31:36","guid":{"rendered":"https:\/\/mspontocom.com.br\/site\/?p=181652"},"modified":"2023-06-01T09:47:20","modified_gmt":"2023-06-01T13:47:20","slug":"nasa-realiza-sua-primeira-reuniao-publica-sobre-ovnis","status":"publish","type":"post","link":"https:\/\/mspontocom.com.br\/site\/nasa-realiza-sua-primeira-reuniao-publica-sobre-ovnis\/","title":{"rendered":"Nasa realiza sua primeira reuni\u00e3o p\u00fablica sobre \u00f3vnis"},"content":{"rendered":"<p style=\"text-align: justify;\"><img loading=\"lazy\" class=\"alignnone size-full wp-image-181679\" src=\"https:\/\/mspontocom.com.br\/site\/wp-content\/uploads\/2023\/06\/site-nasa-realiza-sua-primeira-reuniao-publica-sobre-ovnis-ovinis-estados-unidos-750x500-1.png\" alt=\"\" width=\"750\" height=\"500\" srcset=\"https:\/\/mspontocom.com.br\/site\/wp-content\/uploads\/2023\/06\/site-nasa-realiza-sua-primeira-reuniao-publica-sobre-ovnis-ovinis-estados-unidos-750x500-1.png 750w, https:\/\/mspontocom.com.br\/site\/wp-content\/uploads\/2023\/06\/site-nasa-realiza-sua-primeira-reuniao-publica-sobre-ovnis-ovinis-estados-unidos-750x500-1-260x173.png 260w\" sizes=\"(max-width: 750px) 100vw, 750px\" \/><\/p>\n<p style=\"text-align: justify;\">Na primeira reuni\u00e3o p\u00fablica da\u00a0<a href=\"https:\/\/jovempan.com.br\/tag\/nasa\"><strong>Nasa<\/strong><\/a> sobre \u201cobjetos voadores n\u00e3o identificados\u201d, conhecidos como \u00f3vnis, os cientistas pediram uma abordagem cient\u00edfica mais rigorosa para esclarecer a origem de centenas de avistamentos misteriosos.<\/p>\n<p style=\"text-align: justify;\">No ano passado, a ag\u00eancia espacial anunciou que estava analisando observa\u00e7\u00f5es no c\u00e9u que n\u00e3o podem ser identificadas como fen\u00f4menos a\u00e9reos ou naturais, um tema que fascina o p\u00fablico h\u00e1 bastante tempo, mas foi rejeitado pela ci\u00eancia convencional.<\/p>\n<p style=\"text-align: justify;\">Uma equipe independente de 16 cientistas deve apresentar suas conclus\u00f5es em um relat\u00f3rio no final de julho.<\/p>\n<p style=\"text-align: justify;\">A reuni\u00e3o de trabalho desta quarta ser\u00e1 um f\u00f3rum para suas delibera\u00e7\u00f5es finais.<\/p>\n<p style=\"text-align: justify;\">\u201cOs dados atuais e os relat\u00f3rios de testemunhas n\u00e3o bastam por si s\u00f3 para proporcionar provas conclusivas\u201d, declarou o astrof\u00edsico David Spergel, presidente do estudo, em declara\u00e7\u00f5es transmitidas ao vivo.<\/p>\n<p style=\"text-align: justify;\">Ao longo de 27 anos foram reunidos mais de 800 eventos, dos quais entre 2% e 5% s\u00e3o considerados possivelmente an\u00f4malos, explicou a jornalista cient\u00edfica Nadia Drake, participante do estudo.<\/p>\n<p style=\"text-align: justify;\">Um exemplo de fen\u00f4meno inexplic\u00e1vel \u00e9 um globo met\u00e1lico voador avistado por um drone MQ-9 em um lugar n\u00e3o revelado do Oriente M\u00e9dio, afirmou Sean Kirkpatrick, diretor do escrit\u00f3rio de Resolu\u00e7\u00e3o de Anomalias em Todos os Dom\u00ednios do Pent\u00e1gono, ao reproduzir um v\u00eddeo exibido pela primeira vez ao Congresso dos EUA no m\u00eas passado.<\/p>\n<p style=\"text-align: justify;\">Enquanto as sondas e os exploradores da Nasa rastreiam o sistema solar em busca de f\u00f3sseis de micr\u00f3bios antigos, e seus astr\u00f4nomos buscam sinais de civiliza\u00e7\u00f5es inteligentes em planetas distantes, esta \u00e9 a primeira vez que a Nasa investiga fen\u00f4menos inexplic\u00e1veis nos c\u00e9us da Terra.<\/p>\n<p style=\"text-align: justify;\">A postura da ag\u00eancia no passado era \u201cdesacreditar\u201d tais avistamentos, o que refor\u00e7ava o estigma sobre a busca por vida extraterrestre.<\/p>\n<p style=\"text-align: justify;\">O trabalho da Nasa, que se baseia em material n\u00e3o classificado, \u00e9 independente de uma investiga\u00e7\u00e3o do Pent\u00e1gono.<\/p>\n<p style=\"text-align: justify;\">\u201cAt\u00e9 o dia de hoje, na literatura cient\u00edfica arbitrada, n\u00e3o h\u00e1 provas conclusivas que sugiram uma origem extraterrestre para os objetos voadores n\u00e3o identificados\u201d, resumiu a jornalista Nadia Drake.<\/p>\n<p>Veja mais not\u00edcias em: <a href=\"http:\/\/www.mspontocom.com.br\/\">www.mspontocom.com.br<\/a><\/p>\n","protected":false},"excerpt":{"rendered":"<p>Na primeira reuni\u00e3o p\u00fablica da\u00a0Nasa sobre \u201cobjetos voadores n\u00e3o identificados\u201d, conhecidos como \u00f3vnis, os cientistas pediram uma abordagem cient\u00edfica mais rigorosa para esclarecer a origem de centenas de avistamentos misteriosos. No ano passado, a ag\u00eancia espacial anunciou que estava analisando observa\u00e7\u00f5es no c\u00e9u que n\u00e3o podem ser identificadas como fen\u00f4menos a\u00e9reos ou naturais, um tema [&hellip;]<\/p>\n","protected":false},"author":2,"featured_media":181679,"comment_status":"open","ping_status":"open","sticky":false,"template":"","format":"standard","meta":{"_monsterinsights_skip_tracking":false,"_monsterinsights_sitenote_active":false,"_monsterinsights_sitenote_note":"","_monsterinsights_sitenote_category":0},"categories":[7752],"tags":[1373,39633],"aioseo_notices":[],"_links":{"self":[{"href":"https:\/\/mspontocom.com.br\/site\/wp-json\/wp\/v2\/posts\/181652"}],"collection":[{"href":"https:\/\/mspontocom.com.br\/site\/wp-json\/wp\/v2\/posts"}],"about":[{"href":"https:\/\/mspontocom.com.br\/site\/wp-json\/wp\/v2\/types\/post"}],"author":[{"embeddable":true,"href":"https:\/\/mspontocom.com.br\/site\/wp-json\/wp\/v2\/users\/2"}],"replies":[{"embeddable":true,"href":"https:\/\/mspontocom.com.br\/site\/wp-json\/wp\/v2\/comments?post=181652"}],"version-history":[{"count":2,"href":"https:\/\/mspontocom.com.br\/site\/wp-json\/wp\/v2\/posts\/181652\/revisions"}],"predecessor-version":[{"id":181680,"href":"https:\/\/mspontocom.com.br\/site\/wp-json\/wp\/v2\/posts\/181652\/revisions\/181680"}],"wp:featuredmedia":[{"embeddable":true,"href":"https:\/\/mspontocom.com.br\/site\/wp-json\/wp\/v2\/media\/181679"}],"wp:attachment":[{"href":"https:\/\/mspontocom.com.br\/site\/wp-json\/wp\/v2\/media?parent=181652"}],"wp:term":[{"taxonomy":"category","embeddable":true,"href":"https:\/\/mspontocom.com.br\/site\/wp-json\/wp\/v2\/categories?post=181652"},{"taxonomy":"post_tag","embeddable":true,"href":"https:\/\/mspontocom.com.br\/site\/wp-json\/wp\/v2\/tags?post=181652"}],"curies":[{"name":"wp","href":"https:\/\/api.w.org\/{rel}","templated":true}]}}