{"id":181772,"date":"2023-06-06T06:25:07","date_gmt":"2023-06-06T10:25:07","guid":{"rendered":"https:\/\/mspontocom.com.br\/site\/?p=181772"},"modified":"2023-06-06T06:25:07","modified_gmt":"2023-06-06T10:25:07","slug":"apos-mudancas-no-tse-moraes-prepara-ataque-a-bolsonaro","status":"publish","type":"post","link":"https:\/\/mspontocom.com.br\/site\/apos-mudancas-no-tse-moraes-prepara-ataque-a-bolsonaro\/","title":{"rendered":"Ap\u00f3s mudan\u00e7as no TSE,  Moraes prepara ataque a Bolsonaro"},"content":{"rendered":"<p style=\"text-align: justify;\"><img loading=\"lazy\" class=\"alignnone size-full wp-image-181800\" src=\"https:\/\/mspontocom.com.br\/site\/wp-content\/uploads\/2023\/06\/site-apos-mudancas-no-tse-moraes-avanca-em-acao-contra-bolsonaro-bolsonaro-e-moraes.png.1200x0-q95-crop.jpg\" alt=\"\" width=\"795\" height=\"445\" srcset=\"https:\/\/mspontocom.com.br\/site\/wp-content\/uploads\/2023\/06\/site-apos-mudancas-no-tse-moraes-avanca-em-acao-contra-bolsonaro-bolsonaro-e-moraes.png.1200x0-q95-crop.jpg 795w, https:\/\/mspontocom.com.br\/site\/wp-content\/uploads\/2023\/06\/site-apos-mudancas-no-tse-moraes-avanca-em-acao-contra-bolsonaro-bolsonaro-e-moraes.png.1200x0-q95-crop-260x146.jpg 260w, https:\/\/mspontocom.com.br\/site\/wp-content\/uploads\/2023\/06\/site-apos-mudancas-no-tse-moraes-avanca-em-acao-contra-bolsonaro-bolsonaro-e-moraes.png.1200x0-q95-crop-768x430.jpg 768w\" sizes=\"(max-width: 795px) 100vw, 795px\" \/><\/p>\n<p style=\"text-align: justify;\">O TSE marcou para o dia 22 de junho de 2023 o julgamento da a\u00e7\u00e3o que pode tornar o ex-presidente <strong>Jair Bolsonaro<\/strong> (PL) ineleg\u00edvel.<\/p>\n<p style=\"text-align: justify;\">A informa\u00e7\u00e3o foi publicada nesta 2\u00aa feira (5.jun.2023) pelo site da Corte.<\/p>\n<p style=\"text-align: justify;\">O processo a ser retomado em plen\u00e1rio trata da reuni\u00e3o do ex-chefe do Executivo com embaixadores no Pal\u00e1cio da Alvorada em julho de 2022.<\/p>\n<p style=\"text-align: justify;\"><span style=\"font-size: 18pt;\"><strong>Argumento para inegibilidade \u00e9 rid\u00edculo<\/strong><\/span><\/p>\n<p style=\"text-align: justify;\">A sess\u00e3o, marcada pelo presidente do Tribunal, <strong>Alexandre de Moraes,<\/strong> depois de mudan\u00e7as entre ministros, avaliar\u00e1 se Bolsonaro cometeu<strong> crime ao questionar o sistema eleitoral<\/strong> durante o encontro.<\/p>\n<p style=\"text-align: justify;\">Veja mais not\u00edcias em: <a href=\"http:\/\/www.mspontocom.com.br\/\">www.mspontocom.com.br<\/a><\/p>\n","protected":false},"excerpt":{"rendered":"<p>O TSE marcou para o dia 22 de junho de 2023 o julgamento da a\u00e7\u00e3o que pode tornar o ex-presidente Jair Bolsonaro (PL) ineleg\u00edvel. A informa\u00e7\u00e3o foi publicada nesta 2\u00aa feira (5.jun.2023) pelo site da Corte. O processo a ser retomado em plen\u00e1rio trata da reuni\u00e3o do ex-chefe do Executivo com embaixadores no Pal\u00e1cio da [&hellip;]<\/p>\n","protected":false},"author":2,"featured_media":181800,"comment_status":"open","ping_status":"open","sticky":false,"template":"","format":"standard","meta":{"_monsterinsights_skip_tracking":false,"_monsterinsights_sitenote_active":false,"_monsterinsights_sitenote_note":"","_monsterinsights_sitenote_category":0},"categories":[6,30260,2528,30259],"tags":[26336,2261,21017,39664],"aioseo_notices":[],"_links":{"self":[{"href":"https:\/\/mspontocom.com.br\/site\/wp-json\/wp\/v2\/posts\/181772"}],"collection":[{"href":"https:\/\/mspontocom.com.br\/site\/wp-json\/wp\/v2\/posts"}],"about":[{"href":"https:\/\/mspontocom.com.br\/site\/wp-json\/wp\/v2\/types\/post"}],"author":[{"embeddable":true,"href":"https:\/\/mspontocom.com.br\/site\/wp-json\/wp\/v2\/users\/2"}],"replies":[{"embeddable":true,"href":"https:\/\/mspontocom.com.br\/site\/wp-json\/wp\/v2\/comments?post=181772"}],"version-history":[{"count":2,"href":"https:\/\/mspontocom.com.br\/site\/wp-json\/wp\/v2\/posts\/181772\/revisions"}],"predecessor-version":[{"id":181801,"href":"https:\/\/mspontocom.com.br\/site\/wp-json\/wp\/v2\/posts\/181772\/revisions\/181801"}],"wp:featuredmedia":[{"embeddable":true,"href":"https:\/\/mspontocom.com.br\/site\/wp-json\/wp\/v2\/media\/181800"}],"wp:attachment":[{"href":"https:\/\/mspontocom.com.br\/site\/wp-json\/wp\/v2\/media?parent=181772"}],"wp:term":[{"taxonomy":"category","embeddable":true,"href":"https:\/\/mspontocom.com.br\/site\/wp-json\/wp\/v2\/categories?post=181772"},{"taxonomy":"post_tag","embeddable":true,"href":"https:\/\/mspontocom.com.br\/site\/wp-json\/wp\/v2\/tags?post=181772"}],"curies":[{"name":"wp","href":"https:\/\/api.w.org\/{rel}","templated":true}]}}