{"id":181932,"date":"2023-06-12T05:58:39","date_gmt":"2023-06-12T09:58:39","guid":{"rendered":"https:\/\/mspontocom.com.br\/site\/?p=181932"},"modified":"2023-06-12T05:58:39","modified_gmt":"2023-06-12T09:58:39","slug":"cpi-do-8-de-janeiro-quer-ouvir-moraes-e-8-ministros-de-lula","status":"publish","type":"post","link":"https:\/\/mspontocom.com.br\/site\/cpi-do-8-de-janeiro-quer-ouvir-moraes-e-8-ministros-de-lula\/","title":{"rendered":"CPI do 8 de Janeiro quer ouvir Moraes e 8 ministros de Lula"},"content":{"rendered":"<p style=\"text-align: justify;\"><img loading=\"lazy\" class=\"alignnone size-full wp-image-181943\" src=\"https:\/\/mspontocom.com.br\/site\/wp-content\/uploads\/2023\/06\/site-cpi-do-8-de-janeiro-quer-ouvir-moraes-e-8-ministros-de-lula-dino1-e1686563842149.webp\" alt=\"\" width=\"1049\" height=\"691\" srcset=\"https:\/\/mspontocom.com.br\/site\/wp-content\/uploads\/2023\/06\/site-cpi-do-8-de-janeiro-quer-ouvir-moraes-e-8-ministros-de-lula-dino1-e1686563842149.webp 1049w, https:\/\/mspontocom.com.br\/site\/wp-content\/uploads\/2023\/06\/site-cpi-do-8-de-janeiro-quer-ouvir-moraes-e-8-ministros-de-lula-dino1-e1686563842149-260x171.webp 260w, https:\/\/mspontocom.com.br\/site\/wp-content\/uploads\/2023\/06\/site-cpi-do-8-de-janeiro-quer-ouvir-moraes-e-8-ministros-de-lula-dino1-e1686563842149-1024x675.webp 1024w, https:\/\/mspontocom.com.br\/site\/wp-content\/uploads\/2023\/06\/site-cpi-do-8-de-janeiro-quer-ouvir-moraes-e-8-ministros-de-lula-dino1-e1686563842149-768x506.webp 768w\" sizes=\"(max-width: 1049px) 100vw, 1049px\" \/><\/p>\n<p style=\"text-align: justify;\">A<strong> CPI do 8 de Janeiro<\/strong> come\u00e7a a votar requerimentos de convoca\u00e7\u00e3o, convite e informa\u00e7\u00e3o apresentados pelos congressistas nesta semana.<\/p>\n<p style=\"text-align: justify;\">Na lista de pedidos, est\u00e1 a convoca\u00e7\u00e3o de 8 ministros do presidente Luiz In\u00e1cio Lula da Silva (PT).<\/p>\n<p style=\"text-align: justify;\">Os principais alvos s\u00e3o os ministros <strong>Fl\u00e1vio Dino<\/strong> (Justi\u00e7a e Seguran\u00e7a P\u00fablica) e Jos\u00e9 M\u00facio (Defesa).<\/p>\n<p style=\"text-align: justify;\">H\u00e1 tamb\u00e9m inten\u00e7\u00e3o de chamar \u00e0 CPI o ministro <strong>Alexandre de Moraes<\/strong>, do STF<\/p>\n<p style=\"text-align: justify;\">A vota\u00e7\u00e3o dos requerimentos come\u00e7a na 3\u00aa feira (13.jun.2023).<\/p>\n<p style=\"text-align: justify;\">Dino ser\u00e1 um dos principais alvos da tropa bolsonarista na comiss\u00e3o.<\/p>\n<p style=\"text-align: justify;\">Faz parte da estrat\u00e9gia da<strong> oposi\u00e7\u00e3o anti-Lula<\/strong> argumentar que houve incompet\u00eancia por parte do governo Lula no dia das invas\u00f5es \u00e0s sedes dos Poderes, sobretudo de Dino.<\/p>\n<p>&nbsp;<\/p>\n<p>fontes: Gabriella Soares Emilly Behnke,\u00a0 Poder 360<\/p>\n<p>Veja mais not\u00edcias em: <a href=\"http:\/\/www.mspontocom.com.br\/\">www.mspontocom.com.br<\/a><\/p>\n","protected":false},"excerpt":{"rendered":"<p>A CPI do 8 de Janeiro come\u00e7a a votar requerimentos de convoca\u00e7\u00e3o, convite e informa\u00e7\u00e3o apresentados pelos congressistas nesta semana. Na lista de pedidos, est\u00e1 a convoca\u00e7\u00e3o de 8 ministros do presidente Luiz In\u00e1cio Lula da Silva (PT). Os principais alvos s\u00e3o os ministros Fl\u00e1vio Dino (Justi\u00e7a e Seguran\u00e7a P\u00fablica) e Jos\u00e9 M\u00facio (Defesa). H\u00e1 [&hellip;]<\/p>\n","protected":false},"author":2,"featured_media":181943,"comment_status":"open","ping_status":"open","sticky":false,"template":"","format":"standard","meta":{"_monsterinsights_skip_tracking":false,"_monsterinsights_sitenote_active":false,"_monsterinsights_sitenote_note":"","_monsterinsights_sitenote_category":0},"categories":[6,30260,2528,30259],"tags":[39051,28112,4381,480,259,35247],"aioseo_notices":[],"_links":{"self":[{"href":"https:\/\/mspontocom.com.br\/site\/wp-json\/wp\/v2\/posts\/181932"}],"collection":[{"href":"https:\/\/mspontocom.com.br\/site\/wp-json\/wp\/v2\/posts"}],"about":[{"href":"https:\/\/mspontocom.com.br\/site\/wp-json\/wp\/v2\/types\/post"}],"author":[{"embeddable":true,"href":"https:\/\/mspontocom.com.br\/site\/wp-json\/wp\/v2\/users\/2"}],"replies":[{"embeddable":true,"href":"https:\/\/mspontocom.com.br\/site\/wp-json\/wp\/v2\/comments?post=181932"}],"version-history":[{"count":2,"href":"https:\/\/mspontocom.com.br\/site\/wp-json\/wp\/v2\/posts\/181932\/revisions"}],"predecessor-version":[{"id":181944,"href":"https:\/\/mspontocom.com.br\/site\/wp-json\/wp\/v2\/posts\/181932\/revisions\/181944"}],"wp:featuredmedia":[{"embeddable":true,"href":"https:\/\/mspontocom.com.br\/site\/wp-json\/wp\/v2\/media\/181943"}],"wp:attachment":[{"href":"https:\/\/mspontocom.com.br\/site\/wp-json\/wp\/v2\/media?parent=181932"}],"wp:term":[{"taxonomy":"category","embeddable":true,"href":"https:\/\/mspontocom.com.br\/site\/wp-json\/wp\/v2\/categories?post=181932"},{"taxonomy":"post_tag","embeddable":true,"href":"https:\/\/mspontocom.com.br\/site\/wp-json\/wp\/v2\/tags?post=181932"}],"curies":[{"name":"wp","href":"https:\/\/api.w.org\/{rel}","templated":true}]}}