{"id":182216,"date":"2023-06-20T06:15:20","date_gmt":"2023-06-20T10:15:20","guid":{"rendered":"https:\/\/mspontocom.com.br\/site\/?p=182216"},"modified":"2023-06-20T06:15:20","modified_gmt":"2023-06-20T10:15:20","slug":"alexandre-de-moraes-e-um-serial-killer-da-constituicao","status":"publish","type":"post","link":"https:\/\/mspontocom.com.br\/site\/alexandre-de-moraes-e-um-serial-killer-da-constituicao\/","title":{"rendered":"Alexandre de Moraes \u00e9 um serial killer da Constitui\u00e7\u00e3o?"},"content":{"rendered":"<p style=\"text-align: justify;\"><img loading=\"lazy\" class=\"alignnone size-full wp-image-182236\" src=\"https:\/\/mspontocom.com.br\/site\/wp-content\/uploads\/2023\/06\/site-alexandre-de-moraes-e-um-serial-killer-da-constituicao-diz-marcos-do-val-alexandre-moraes21-plagio-e1687255966730.jpg\" alt=\"\" width=\"689\" height=\"469\" srcset=\"https:\/\/mspontocom.com.br\/site\/wp-content\/uploads\/2023\/06\/site-alexandre-de-moraes-e-um-serial-killer-da-constituicao-diz-marcos-do-val-alexandre-moraes21-plagio-e1687255966730.jpg 689w, https:\/\/mspontocom.com.br\/site\/wp-content\/uploads\/2023\/06\/site-alexandre-de-moraes-e-um-serial-killer-da-constituicao-diz-marcos-do-val-alexandre-moraes21-plagio-e1687255966730-260x177.jpg 260w\" sizes=\"(max-width: 689px) 100vw, 689px\" \/><\/p>\n<p style=\"text-align: justify;\">Durante a sess\u00e3o ordin\u00e1ria do Senado , o senador <b>Marcos do Val<\/b> (Podemos-ES), voltou a atacar o STF e o ministro <b>Alexandre de Moraes.<\/b><\/p>\n<p style=\"text-align: justify;\">&#8220;Tem gente falando que Alexandre de Moraes \u00e9 um<strong> serial killer da Constitui\u00e7\u00e3o&#8221;,<\/strong> disse o senador.<\/p>\n<p class=\"text\" style=\"text-align: justify;\">O senador reiterou nesta segunda que a opera\u00e7\u00e3o teria o objetivo de procurar documentos no seu gabinete que comprovariam as alega\u00e7\u00f5es de que STF e governo estariam unidos em um &#8220;conluio&#8221; para permitir que as manifesta\u00e7\u00f5es de <strong>8 de janeiro<\/strong> em Bras\u00edlia acontecessem, para criminalizar\u00a0 bolsonaristas.<\/p>\n<p class=\"text\" style=\"text-align: justify;\">Nas redes sociais do senador, que foram derrubadas por ordem do STF.<\/p>\n<p>&nbsp;<\/p>\n<p>foto: ilustra\u00e7\u00e3o<\/p>\n<p>Veja mais not\u00edcias em: <a href=\"http:\/\/www.mspontocom.com.br\/\">www.mspontocom.com.br<\/a><\/p>\n<p>Nosso twitter: @mspontocom<\/p>\n","protected":false},"excerpt":{"rendered":"<p>Durante a sess\u00e3o ordin\u00e1ria do Senado , o senador Marcos do Val (Podemos-ES), voltou a atacar o STF e o ministro Alexandre de Moraes. &#8220;Tem gente falando que Alexandre de Moraes \u00e9 um serial killer da Constitui\u00e7\u00e3o&#8221;, disse o senador. O senador reiterou nesta segunda que a opera\u00e7\u00e3o teria o objetivo de procurar documentos no [&hellip;]<\/p>\n","protected":false},"author":2,"featured_media":182236,"comment_status":"open","ping_status":"open","sticky":false,"template":"","format":"standard","meta":{"_monsterinsights_skip_tracking":false,"_monsterinsights_sitenote_active":false,"_monsterinsights_sitenote_note":"","_monsterinsights_sitenote_category":0},"categories":[6,30260,2528,30259],"tags":[26336,39743,39007,39742],"aioseo_notices":[],"_links":{"self":[{"href":"https:\/\/mspontocom.com.br\/site\/wp-json\/wp\/v2\/posts\/182216"}],"collection":[{"href":"https:\/\/mspontocom.com.br\/site\/wp-json\/wp\/v2\/posts"}],"about":[{"href":"https:\/\/mspontocom.com.br\/site\/wp-json\/wp\/v2\/types\/post"}],"author":[{"embeddable":true,"href":"https:\/\/mspontocom.com.br\/site\/wp-json\/wp\/v2\/users\/2"}],"replies":[{"embeddable":true,"href":"https:\/\/mspontocom.com.br\/site\/wp-json\/wp\/v2\/comments?post=182216"}],"version-history":[{"count":2,"href":"https:\/\/mspontocom.com.br\/site\/wp-json\/wp\/v2\/posts\/182216\/revisions"}],"predecessor-version":[{"id":182237,"href":"https:\/\/mspontocom.com.br\/site\/wp-json\/wp\/v2\/posts\/182216\/revisions\/182237"}],"wp:featuredmedia":[{"embeddable":true,"href":"https:\/\/mspontocom.com.br\/site\/wp-json\/wp\/v2\/media\/182236"}],"wp:attachment":[{"href":"https:\/\/mspontocom.com.br\/site\/wp-json\/wp\/v2\/media?parent=182216"}],"wp:term":[{"taxonomy":"category","embeddable":true,"href":"https:\/\/mspontocom.com.br\/site\/wp-json\/wp\/v2\/categories?post=182216"},{"taxonomy":"post_tag","embeddable":true,"href":"https:\/\/mspontocom.com.br\/site\/wp-json\/wp\/v2\/tags?post=182216"}],"curies":[{"name":"wp","href":"https:\/\/api.w.org\/{rel}","templated":true}]}}