{"id":182289,"date":"2023-06-26T05:15:43","date_gmt":"2023-06-26T09:15:43","guid":{"rendered":"https:\/\/mspontocom.com.br\/site\/?p=182289"},"modified":"2023-06-26T12:52:26","modified_gmt":"2023-06-26T16:52:26","slug":"bolsonaro-inelegivel-luladilma-estao-livres-leves-e-soltos","status":"publish","type":"post","link":"https:\/\/mspontocom.com.br\/site\/bolsonaro-inelegivel-luladilma-estao-livres-leves-e-soltos\/","title":{"rendered":"Bolsonaro ineleg\u00edvel&#8230; Lula e Dilma est\u00e3o livres, leves e soltos"},"content":{"rendered":"<p style=\"text-align: justify;\"><img loading=\"lazy\" class=\"alignnone size-full wp-image-182295\" src=\"https:\/\/mspontocom.com.br\/site\/wp-content\/uploads\/2023\/06\/site-bolsonaro-inelegivel-lula-e-dilma-livres-leves-e-soltos-circo2-e1687429067371.webp\" alt=\"\" width=\"1191\" height=\"621\" srcset=\"https:\/\/mspontocom.com.br\/site\/wp-content\/uploads\/2023\/06\/site-bolsonaro-inelegivel-lula-e-dilma-livres-leves-e-soltos-circo2-e1687429067371.webp 1191w, https:\/\/mspontocom.com.br\/site\/wp-content\/uploads\/2023\/06\/site-bolsonaro-inelegivel-lula-e-dilma-livres-leves-e-soltos-circo2-e1687429067371-260x136.webp 260w, https:\/\/mspontocom.com.br\/site\/wp-content\/uploads\/2023\/06\/site-bolsonaro-inelegivel-lula-e-dilma-livres-leves-e-soltos-circo2-e1687429067371-1024x534.webp 1024w, https:\/\/mspontocom.com.br\/site\/wp-content\/uploads\/2023\/06\/site-bolsonaro-inelegivel-lula-e-dilma-livres-leves-e-soltos-circo2-e1687429067371-768x400.webp 768w\" sizes=\"(max-width: 1191px) 100vw, 1191px\" \/><\/p>\n<p style=\"text-align: justify;\">A aposta em Bras\u00edlia \u00e9 que o ex-presidente Jair Bolsonaro se torne ineleg\u00edvel pelos pr\u00f3ximos oito anos.<\/p>\n<p style=\"text-align: justify;\">Pelo simples fato em que reuni\u00e3o com embaixadores estrangeiros exp\u00f4s a fragilidade do processo eleitoral brasileiro.<\/p>\n<p style=\"text-align: justify;\">Agora, os ministros do TSE Floriano de Azevedo Marques e Andr\u00e9 Ramos Tavares, ambos indicado pelo presidente <strong>Lula<\/strong> fazem parte dos magistrados para analisar o processo que pode levar \u00e0 inelegibilidade do ex-presidente .<\/p>\n<p style=\"text-align: justify;\">Contudo, os mesmo ministros que julgar\u00e3o Bolsonaro tamb\u00e9m pediram seu\u00a0<strong><em>impeachment<\/em>.<\/strong><\/p>\n<p style=\"text-align: justify;\">Eles tamb\u00e9m deram<strong> pareceres favor\u00e1veis a Dilma Roussef\u00a0<\/strong>no \u00e2mbito das investiga\u00e7\u00f5es sobre as pedaladas fiscais.<\/p>\n<p style=\"text-align: justify;\"><span style=\"font-size: 18pt;\"><strong>Dilma impeachment mas eleg\u00edvel<\/strong><\/span><\/p>\n<p style=\"text-align: justify;\">Contrariando a constitui\u00e7\u00e3o, apesar de sofrer impechmente, Dilma Rousseff obteve a manuten\u00e7\u00e3o de seus direitos pol\u00edticos.<\/p>\n<p style=\"text-align: justify;\">Inicialmente, previa-se uma \u00fanica vota\u00e7\u00e3o para o impedimento e a perda de direitos pol\u00edticos, o que a tornaria inabilitada para o exerc\u00edcio de qualquer fun\u00e7\u00e3o p\u00fablica.<\/p>\n<p style=\"text-align: justify;\">No entanto, <strong>Lewandowski ministro do PT no STF<\/strong>, atendeu a pedido de destaque apresentado pela bancada do Partido dos Trabalhadores.<\/p>\n<p style=\"text-align: justify;\"><span style=\"font-size: 18pt;\"><strong>Lula condenado mas eleg\u00edvel<\/strong><\/span><\/p>\n<p style=\"text-align: justify;\">O TRF4 confirmou em 2019, por unanimidade, a condena\u00e7\u00e3o de Lula pelos crimes de corrup\u00e7\u00e3o passiva e de lavagem de dinheiro, passando a pena de 12 anos e 11 meses para 17 anos, 1 m\u00eas e 10 dias de reclus\u00e3o em regime inicial fechado.<\/p>\n<p style=\"text-align: justify;\">Em manobra espetacular do STF, agora Lula \u00e9 o presidente da Rep\u00fablica do Brasil.<\/p>\n<p style=\"text-align: justify;\">Veja mais not\u00edcias em: <a href=\"http:\/\/www.mspontocom.com.br\/\">www.mspontocom.com.br<\/a><\/p>\n<p style=\"text-align: justify;\">Nosso twitter: @mspontocom<\/p>\n","protected":false},"excerpt":{"rendered":"<p>A aposta em Bras\u00edlia \u00e9 que o ex-presidente Jair Bolsonaro se torne ineleg\u00edvel pelos pr\u00f3ximos oito anos. Pelo simples fato em que reuni\u00e3o com embaixadores estrangeiros exp\u00f4s a fragilidade do processo eleitoral brasileiro. Agora, os ministros do TSE Floriano de Azevedo Marques e Andr\u00e9 Ramos Tavares, ambos indicado pelo presidente Lula fazem parte dos magistrados [&hellip;]<\/p>\n","protected":false},"author":2,"featured_media":182295,"comment_status":"open","ping_status":"open","sticky":false,"template":"","format":"standard","meta":{"_monsterinsights_skip_tracking":false,"_monsterinsights_sitenote_active":false,"_monsterinsights_sitenote_note":"","_monsterinsights_sitenote_category":0},"categories":[6,30260,2528,30259,12],"tags":[39610,195,480,4378],"aioseo_notices":[],"_links":{"self":[{"href":"https:\/\/mspontocom.com.br\/site\/wp-json\/wp\/v2\/posts\/182289"}],"collection":[{"href":"https:\/\/mspontocom.com.br\/site\/wp-json\/wp\/v2\/posts"}],"about":[{"href":"https:\/\/mspontocom.com.br\/site\/wp-json\/wp\/v2\/types\/post"}],"author":[{"embeddable":true,"href":"https:\/\/mspontocom.com.br\/site\/wp-json\/wp\/v2\/users\/2"}],"replies":[{"embeddable":true,"href":"https:\/\/mspontocom.com.br\/site\/wp-json\/wp\/v2\/comments?post=182289"}],"version-history":[{"count":4,"href":"https:\/\/mspontocom.com.br\/site\/wp-json\/wp\/v2\/posts\/182289\/revisions"}],"predecessor-version":[{"id":182399,"href":"https:\/\/mspontocom.com.br\/site\/wp-json\/wp\/v2\/posts\/182289\/revisions\/182399"}],"wp:featuredmedia":[{"embeddable":true,"href":"https:\/\/mspontocom.com.br\/site\/wp-json\/wp\/v2\/media\/182295"}],"wp:attachment":[{"href":"https:\/\/mspontocom.com.br\/site\/wp-json\/wp\/v2\/media?parent=182289"}],"wp:term":[{"taxonomy":"category","embeddable":true,"href":"https:\/\/mspontocom.com.br\/site\/wp-json\/wp\/v2\/categories?post=182289"},{"taxonomy":"post_tag","embeddable":true,"href":"https:\/\/mspontocom.com.br\/site\/wp-json\/wp\/v2\/tags?post=182289"}],"curies":[{"name":"wp","href":"https:\/\/api.w.org\/{rel}","templated":true}]}}