{"id":182434,"date":"2023-06-27T06:08:35","date_gmt":"2023-06-27T10:08:35","guid":{"rendered":"https:\/\/mspontocom.com.br\/site\/?p=182434"},"modified":"2023-06-27T06:08:35","modified_gmt":"2023-06-27T10:08:35","slug":"por-que-o-stf-se-nega-a-colaborar-com-a-cpi-do-8-de-janeiro","status":"publish","type":"post","link":"https:\/\/mspontocom.com.br\/site\/por-que-o-stf-se-nega-a-colaborar-com-a-cpi-do-8-de-janeiro\/","title":{"rendered":"Por que o STF se nega a colaborar com a CPI do 8 de Janeiro?"},"content":{"rendered":"<p style=\"text-align: justify;\"><img loading=\"lazy\" class=\"alignnone size-full wp-image-182441\" src=\"https:\/\/mspontocom.com.br\/site\/wp-content\/uploads\/2023\/06\/site-por-que-o-stf-se-nega-a-colaborar-com-a-cpi-do-8-de-janeiro-rosa.jpeg\" alt=\"\" width=\"750\" height=\"500\" srcset=\"https:\/\/mspontocom.com.br\/site\/wp-content\/uploads\/2023\/06\/site-por-que-o-stf-se-nega-a-colaborar-com-a-cpi-do-8-de-janeiro-rosa.jpeg 750w, https:\/\/mspontocom.com.br\/site\/wp-content\/uploads\/2023\/06\/site-por-que-o-stf-se-nega-a-colaborar-com-a-cpi-do-8-de-janeiro-rosa-260x173.jpeg 260w\" sizes=\"(max-width: 750px) 100vw, 750px\" \/><\/p>\n<p style=\"text-align: justify;\">Em mensagem enviada \u00e0<strong> CPI do 8 de janeiro<\/strong>, a presidente do STF, Rosa Weber (na foto com Lula) negou o compartilhamento de informa\u00e7\u00f5es sobre inqu\u00e9ritos abertos contra os manifestantes.<\/p>\n<p style=\"text-align: justify;\"><em>\u201cInformo, que no momento, a exist\u00eancia de dilig\u00eancias em curso inviabiliza o compartilhamento de provas pleiteado\u201d<\/em>, afirmou Rosa em sua mensagem esfarrapada.<\/p>\n<p style=\"text-align: justify;\">A CPI aprovou oito requerimentos pedindo o compartilhamento de inqu\u00e9ritos do Supremo.<\/p>\n<p style=\"text-align: justify;\">Parece que o STF majorit\u00e1riamente sempre a favor de<strong> Lula<\/strong> det\u00e9m informa\u00e7\u00f5es que n\u00e3o interessam vir a p\u00fablico para os brasileiros.<\/p>\n<p>&nbsp;<\/p>\n<p>Veja mais not\u00edcias em: <a href=\"http:\/\/www.mspontocom.com.br\/\">www.mspontocom.com.br<\/a><\/p>\n<p>Nosso twitter: @mspontocom<\/p>\n","protected":false},"excerpt":{"rendered":"<p>Em mensagem enviada \u00e0 CPI do 8 de janeiro, a presidente do STF, Rosa Weber (na foto com Lula) negou o compartilhamento de informa\u00e7\u00f5es sobre inqu\u00e9ritos abertos contra os manifestantes. \u201cInformo, que no momento, a exist\u00eancia de dilig\u00eancias em curso inviabiliza o compartilhamento de provas pleiteado\u201d, afirmou Rosa em sua mensagem esfarrapada. A CPI aprovou [&hellip;]<\/p>\n","protected":false},"author":2,"featured_media":182441,"comment_status":"open","ping_status":"open","sticky":false,"template":"","format":"standard","meta":{"_monsterinsights_skip_tracking":false,"_monsterinsights_sitenote_active":false,"_monsterinsights_sitenote_note":"","_monsterinsights_sitenote_category":0},"categories":[6,30260,2528,30259],"tags":[39305,39786,3014],"aioseo_notices":[],"_links":{"self":[{"href":"https:\/\/mspontocom.com.br\/site\/wp-json\/wp\/v2\/posts\/182434"}],"collection":[{"href":"https:\/\/mspontocom.com.br\/site\/wp-json\/wp\/v2\/posts"}],"about":[{"href":"https:\/\/mspontocom.com.br\/site\/wp-json\/wp\/v2\/types\/post"}],"author":[{"embeddable":true,"href":"https:\/\/mspontocom.com.br\/site\/wp-json\/wp\/v2\/users\/2"}],"replies":[{"embeddable":true,"href":"https:\/\/mspontocom.com.br\/site\/wp-json\/wp\/v2\/comments?post=182434"}],"version-history":[{"count":2,"href":"https:\/\/mspontocom.com.br\/site\/wp-json\/wp\/v2\/posts\/182434\/revisions"}],"predecessor-version":[{"id":182442,"href":"https:\/\/mspontocom.com.br\/site\/wp-json\/wp\/v2\/posts\/182434\/revisions\/182442"}],"wp:featuredmedia":[{"embeddable":true,"href":"https:\/\/mspontocom.com.br\/site\/wp-json\/wp\/v2\/media\/182441"}],"wp:attachment":[{"href":"https:\/\/mspontocom.com.br\/site\/wp-json\/wp\/v2\/media?parent=182434"}],"wp:term":[{"taxonomy":"category","embeddable":true,"href":"https:\/\/mspontocom.com.br\/site\/wp-json\/wp\/v2\/categories?post=182434"},{"taxonomy":"post_tag","embeddable":true,"href":"https:\/\/mspontocom.com.br\/site\/wp-json\/wp\/v2\/tags?post=182434"}],"curies":[{"name":"wp","href":"https:\/\/api.w.org\/{rel}","templated":true}]}}