{"id":183607,"date":"2023-08-07T09:25:23","date_gmt":"2023-08-07T13:25:23","guid":{"rendered":"https:\/\/mspontocom.com.br\/site\/?p=183607"},"modified":"2023-08-07T09:25:23","modified_gmt":"2023-08-07T13:25:23","slug":"brasil-avanca-em-participacao-de-missao-a-lua-com-a-nasa","status":"publish","type":"post","link":"https:\/\/mspontocom.com.br\/site\/brasil-avanca-em-participacao-de-missao-a-lua-com-a-nasa\/","title":{"rendered":"Brasil avan\u00e7a em participa\u00e7\u00e3o de miss\u00e3o \u00e0 Lua com a Nasa"},"content":{"rendered":"<p style=\"text-align: justify;\"><img loading=\"lazy\" class=\"alignnone size-full wp-image-183611\" src=\"https:\/\/mspontocom.com.br\/site\/wp-content\/uploads\/2023\/08\/site-brasil-avanca-em-participacao-de-missao-a-lua-com-a-nasa-lua.jpg\" alt=\"\" width=\"600\" height=\"471\" srcset=\"https:\/\/mspontocom.com.br\/site\/wp-content\/uploads\/2023\/08\/site-brasil-avanca-em-participacao-de-missao-a-lua-com-a-nasa-lua.jpg 600w, https:\/\/mspontocom.com.br\/site\/wp-content\/uploads\/2023\/08\/site-brasil-avanca-em-participacao-de-missao-a-lua-com-a-nasa-lua-260x204.jpg 260w\" sizes=\"(max-width: 600px) 100vw, 600px\" \/>Dois anos depois de o governo brasileiro assinar um acordo de coopera\u00e7\u00e3o com a Nasa para o programa espacial Artemis, o Brasil logo poder\u00e1 dizer que fez parte de uma miss\u00e3o lunar n\u00e3o tripulada.<\/p>\n<p style=\"text-align: justify;\">A conquista ser\u00e1 poss\u00edvel gra\u00e7as ao projeto chamado SelenITA, desenvolvido pelo ITA (Instituto Tecnol\u00f3gico de Aeron\u00e1utica) em parceria com a ag\u00eancia espacial dos Estados Unidos.<\/p>\n<p style=\"text-align: justify;\">A iniciativa foi apresentada pelo engenheiro do instituto e coordenador do projeto no pa\u00eds, Luis Loures, em 2021, e oficializada em 21 de julho deste ano.<\/p>\n<p style=\"text-align: justify;\">No projeto, a sede do ITA em S\u00e3o Jos\u00e9 dos Campos, em S\u00e3o Paulo, ser\u00e1 respons\u00e1vel pela constru\u00e7\u00e3o de um cubesat \u2013um sat\u00e9lite c\u00fabico\u2013 com formato 12U, ou seja, 12 cubos de 10 cent\u00edmetros de aresta.\u00a0&#8230;<\/p>\n<p style=\"text-align: justify;\">O projeto, com um custo estimado em R$ 39 milh\u00f5es, tem o apoio da AEB (Ag\u00eancia Espacial Brasileira) e da Finep (Financiadora de Estudos e Projetos).<\/p>\n<p style=\"text-align: justify;\">O equipamento deve contar ainda com instrumentos que ser\u00e3o fornecidos pelas universidades de Iowa e de Michigan, ambas nos EUA, al\u00e9m do Centro Marshall de Voo Espacial da Nasa.<\/p>\n<p style=\"text-align: justify;\">A previs\u00e3o \u00e9 que ele fique pronto em 2028.<\/p>\n<p style=\"text-align: justify;\">A miss\u00e3o tem como meta estudar os campos magn\u00e9ticos que existem em algumas regi\u00f5es da crosta lunar e sua intera\u00e7\u00e3o com o vento solar.<\/p>\n<p style=\"text-align: justify;\">Tamb\u00e9m visa analisar o transporte de poeira pela superf\u00edcie do sat\u00e9lite natural, causado por fen\u00f4menos el\u00e9tricos e impactos de asteroides e meteoroides.<\/p>\n<p style=\"text-align: justify;\"><strong>PROJETO ARTEMIS<\/strong><\/p>\n<p style=\"text-align: justify;\">O programa da Nasa tem o objetivo de levar a 1\u00aa mulher e o 1\u00ba homem negro \u00e0 Lua, al\u00e9m de possibilitar futuras miss\u00f5es a Marte.<\/p>\n<p style=\"text-align: justify;\">Para isso, a iniciativa inclui, at\u00e9 o momento, 5 miss\u00f5es ao sat\u00e9lite natural.<\/p>\n<p style=\"text-align: justify;\">\n<p style=\"text-align: justify;\">Veja mais not\u00edcias em: <a href=\"http:\/\/www.mspontocom.com.br\/\">www.mspontocom.com.br<\/a><\/p>\n<p>Nosso twitter: @mspontocom<\/p>\n","protected":false},"excerpt":{"rendered":"<p>Dois anos depois de o governo brasileiro assinar um acordo de coopera\u00e7\u00e3o com a Nasa para o programa espacial Artemis, o Brasil logo poder\u00e1 dizer que fez parte de uma miss\u00e3o lunar n\u00e3o tripulada. A conquista ser\u00e1 poss\u00edvel gra\u00e7as ao projeto chamado SelenITA, desenvolvido pelo ITA (Instituto Tecnol\u00f3gico de Aeron\u00e1utica) em parceria com a ag\u00eancia [&hellip;]<\/p>\n","protected":false},"author":2,"featured_media":183611,"comment_status":"open","ping_status":"open","sticky":false,"template":"","format":"standard","meta":{"_monsterinsights_skip_tracking":false,"_monsterinsights_sitenote_active":false,"_monsterinsights_sitenote_note":"","_monsterinsights_sitenote_category":0},"categories":[7752],"tags":[30254,480,21760,1373],"aioseo_notices":[],"_links":{"self":[{"href":"https:\/\/mspontocom.com.br\/site\/wp-json\/wp\/v2\/posts\/183607"}],"collection":[{"href":"https:\/\/mspontocom.com.br\/site\/wp-json\/wp\/v2\/posts"}],"about":[{"href":"https:\/\/mspontocom.com.br\/site\/wp-json\/wp\/v2\/types\/post"}],"author":[{"embeddable":true,"href":"https:\/\/mspontocom.com.br\/site\/wp-json\/wp\/v2\/users\/2"}],"replies":[{"embeddable":true,"href":"https:\/\/mspontocom.com.br\/site\/wp-json\/wp\/v2\/comments?post=183607"}],"version-history":[{"count":2,"href":"https:\/\/mspontocom.com.br\/site\/wp-json\/wp\/v2\/posts\/183607\/revisions"}],"predecessor-version":[{"id":183612,"href":"https:\/\/mspontocom.com.br\/site\/wp-json\/wp\/v2\/posts\/183607\/revisions\/183612"}],"wp:featuredmedia":[{"embeddable":true,"href":"https:\/\/mspontocom.com.br\/site\/wp-json\/wp\/v2\/media\/183611"}],"wp:attachment":[{"href":"https:\/\/mspontocom.com.br\/site\/wp-json\/wp\/v2\/media?parent=183607"}],"wp:term":[{"taxonomy":"category","embeddable":true,"href":"https:\/\/mspontocom.com.br\/site\/wp-json\/wp\/v2\/categories?post=183607"},{"taxonomy":"post_tag","embeddable":true,"href":"https:\/\/mspontocom.com.br\/site\/wp-json\/wp\/v2\/tags?post=183607"}],"curies":[{"name":"wp","href":"https:\/\/api.w.org\/{rel}","templated":true}]}}