{"id":184447,"date":"2023-09-10T05:44:25","date_gmt":"2023-09-10T09:44:25","guid":{"rendered":"https:\/\/mspontocom.com.br\/site\/?p=184447"},"modified":"2023-09-10T05:44:25","modified_gmt":"2023-09-10T09:44:25","slug":"arabia-saudita-da-o-troco-e-cancela-reuniao-com-lula","status":"publish","type":"post","link":"https:\/\/mspontocom.com.br\/site\/arabia-saudita-da-o-troco-e-cancela-reuniao-com-lula\/","title":{"rendered":"Ar\u00e1bia Saudita d\u00e1 o troco e cancela reuni\u00e3o com Lula"},"content":{"rendered":"<p style=\"text-align: justify;\"><img loading=\"lazy\" class=\"alignnone size-full wp-image-184448\" src=\"https:\/\/mspontocom.com.br\/site\/wp-content\/uploads\/2023\/09\/site-arabia-saudita-da-o-troco-e-cancela-reuniao-com-lula-lula-arabe.jpg\" alt=\"\" width=\"595\" height=\"425\" srcset=\"https:\/\/mspontocom.com.br\/site\/wp-content\/uploads\/2023\/09\/site-arabia-saudita-da-o-troco-e-cancela-reuniao-com-lula-lula-arabe.jpg 595w, https:\/\/mspontocom.com.br\/site\/wp-content\/uploads\/2023\/09\/site-arabia-saudita-da-o-troco-e-cancela-reuniao-com-lula-lula-arabe-260x186.jpg 260w\" sizes=\"(max-width: 595px) 100vw, 595px\" \/><\/p>\n<p style=\"text-align: justify;\">O pr\u00edncipe herdeiro da Ar\u00e1bia Saudita, Mohammed bin Salman, cancelou reuni\u00e3o bilateral que teria com o presidente<strong> Lula<\/strong> neste s\u00e1bado (9).<\/p>\n<p style=\"text-align: justify;\">A equipe de Lula n\u00e3o deu maiores detalhes sobre o que causou o cancelamento, informou apenas que houve urg\u00eancia na delega\u00e7\u00e3o saudita.<\/p>\n<p style=\"text-align: justify;\">H\u00e1 menos de tr\u00eas meses,\u00a0<a href=\"https:\/\/diariodopoder.com.br\/brasil-e-regioes\/sta-brasil\/lula-recua-e-cancela-jantar-com-principe-saudita-que-mandou-decapitar-jornalista\" target=\"_blank\" rel=\"noopener\">Lula cancelou um encontro que teria com saudita<\/a>.<\/p>\n<p style=\"text-align: justify;\">\u00c0 \u00e9poca, Lula cumpria agenda na Europa e foi muito criticado pela agenda.<\/p>\n<p style=\"text-align: justify;\">Ap\u00f3s o desgaste, o Planalto alegou que o petista estava muito cansado e desmarcou o jantar com a realeza.<\/p>\n<p style=\"text-align: justify;\">Cancelamentos de compromissos como o que Lula fez \u00e9 considerado um insulto no mundo \u00e1rabe.<\/p>\n<p style=\"text-align: justify;\">O pr\u00edncipe desprezado pelo presidente j\u00e1 havia anunciado\u00a0<a href=\"https:\/\/diariodopoder.com.br\/exteriores\/ttc-internacional\/principe-cujo-jantar-lula-cancelou-queria-investir-r50-bilhoes-no-brasil\" target=\"_blank\" rel=\"noopener\">planos de investir R$50 bilh\u00f5es no Brasil<\/a>.<\/p>\n<p>&nbsp;<\/p>\n<p>fonte: Di\u00e1rio do Poder<\/p>\n<p>Veja mais not\u00edcias em: <a href=\"http:\/\/www.mspontocom.com.br\/\">www.mspontocom.com.br<\/a><\/p>\n<p>Nosso twitter: @mspontocom<\/p>\n","protected":false},"excerpt":{"rendered":"<p>O pr\u00edncipe herdeiro da Ar\u00e1bia Saudita, Mohammed bin Salman, cancelou reuni\u00e3o bilateral que teria com o presidente Lula neste s\u00e1bado (9). A equipe de Lula n\u00e3o deu maiores detalhes sobre o que causou o cancelamento, informou apenas que houve urg\u00eancia na delega\u00e7\u00e3o saudita. H\u00e1 menos de tr\u00eas meses,\u00a0Lula cancelou um encontro que teria com saudita. [&hellip;]<\/p>\n","protected":false},"author":2,"featured_media":184448,"comment_status":"open","ping_status":"open","sticky":false,"template":"","format":"standard","meta":{"_monsterinsights_skip_tracking":false,"_monsterinsights_sitenote_active":false,"_monsterinsights_sitenote_note":"","_monsterinsights_sitenote_category":0},"categories":[30260,7,30259,12],"tags":[4477,4297,480],"aioseo_notices":[],"_links":{"self":[{"href":"https:\/\/mspontocom.com.br\/site\/wp-json\/wp\/v2\/posts\/184447"}],"collection":[{"href":"https:\/\/mspontocom.com.br\/site\/wp-json\/wp\/v2\/posts"}],"about":[{"href":"https:\/\/mspontocom.com.br\/site\/wp-json\/wp\/v2\/types\/post"}],"author":[{"embeddable":true,"href":"https:\/\/mspontocom.com.br\/site\/wp-json\/wp\/v2\/users\/2"}],"replies":[{"embeddable":true,"href":"https:\/\/mspontocom.com.br\/site\/wp-json\/wp\/v2\/comments?post=184447"}],"version-history":[{"count":2,"href":"https:\/\/mspontocom.com.br\/site\/wp-json\/wp\/v2\/posts\/184447\/revisions"}],"predecessor-version":[{"id":184450,"href":"https:\/\/mspontocom.com.br\/site\/wp-json\/wp\/v2\/posts\/184447\/revisions\/184450"}],"wp:featuredmedia":[{"embeddable":true,"href":"https:\/\/mspontocom.com.br\/site\/wp-json\/wp\/v2\/media\/184448"}],"wp:attachment":[{"href":"https:\/\/mspontocom.com.br\/site\/wp-json\/wp\/v2\/media?parent=184447"}],"wp:term":[{"taxonomy":"category","embeddable":true,"href":"https:\/\/mspontocom.com.br\/site\/wp-json\/wp\/v2\/categories?post=184447"},{"taxonomy":"post_tag","embeddable":true,"href":"https:\/\/mspontocom.com.br\/site\/wp-json\/wp\/v2\/tags?post=184447"}],"curies":[{"name":"wp","href":"https:\/\/api.w.org\/{rel}","templated":true}]}}