{"id":185156,"date":"2023-10-09T06:00:34","date_gmt":"2023-10-09T10:00:34","guid":{"rendered":"https:\/\/mspontocom.com.br\/site\/?p=185156"},"modified":"2023-10-09T07:54:03","modified_gmt":"2023-10-09T11:54:03","slug":"vejanomes-da-esquerda-brasileira-que-defendem-o-hamas","status":"publish","type":"post","link":"https:\/\/mspontocom.com.br\/site\/vejanomes-da-esquerda-brasileira-que-defendem-o-hamas\/","title":{"rendered":"Veja os nomes da esquerda brasileira que defendem o Hamas"},"content":{"rendered":"<p style=\"text-align: justify;\"><img loading=\"lazy\" class=\"alignnone size-full wp-image-185160\" src=\"https:\/\/mspontocom.com.br\/site\/wp-content\/uploads\/2023\/10\/site-em-2021-esquerda-defendeu-o-hamas-veja-os-nomes-hamas.webp\" alt=\"\" width=\"1200\" height=\"675\" srcset=\"https:\/\/mspontocom.com.br\/site\/wp-content\/uploads\/2023\/10\/site-em-2021-esquerda-defendeu-o-hamas-veja-os-nomes-hamas.webp 1200w, https:\/\/mspontocom.com.br\/site\/wp-content\/uploads\/2023\/10\/site-em-2021-esquerda-defendeu-o-hamas-veja-os-nomes-hamas-260x146.webp 260w, https:\/\/mspontocom.com.br\/site\/wp-content\/uploads\/2023\/10\/site-em-2021-esquerda-defendeu-o-hamas-veja-os-nomes-hamas-1024x576.webp 1024w, https:\/\/mspontocom.com.br\/site\/wp-content\/uploads\/2023\/10\/site-em-2021-esquerda-defendeu-o-hamas-veja-os-nomes-hamas-768x432.webp 768w\" sizes=\"(max-width: 1200px) 100vw, 1200px\" \/>Em 2021, representantes do MST e deputados do PT, do Partido Comunista do Brasil (PCdoB) e do Psol assinaram um manifesto em defesa do <strong>grupo terrorista Hamas,<\/strong> que atacou Israel no s\u00e1bado 7.<\/p>\n<p style=\"text-align: justify;\">Os militantes de<strong> esquerda<\/strong> se manifestaram em resposta \u00e0 decis\u00e3o do Reino Unido de classificar o Hamas como uma organiza\u00e7\u00e3o terrorista.<\/p>\n<p style=\"text-align: justify;\">Os Estados Unidos, Jap\u00e3o, Canad\u00e1, Uni\u00e3o Europeia e claro, Israel, tamb\u00e9m reconhecem o Hamas como um grupo terrorista.<\/p>\n<p style=\"text-align: justify;\"><strong>A esquerda brasileira, entretanto, insiste em chamar o grupo de um movimento de \u201cresist\u00eancia\u201d.\u00a0<\/strong><\/p>\n<p style=\"text-align: justify;\">O site Monitor do Oriente (Memo), que divulgou o manifesto, tamb\u00e9m criticou os brit\u00e2nicos por considerar o Hamas \u201cfundamentalmente e radicalmente antissemita\u201d.<\/p>\n<p><span style=\"font-size: 18pt;\"><strong>O Memo indica os seguintes nomes como signat\u00e1rios do manifesto:<\/strong><\/span><\/p>\n<ul>\n<li>Deputada \u00c9rika Kokay (PT-DF)<\/li>\n<li>Deputada Melchionna (PSOL-RS)<\/li>\n<li>Deputada Jandira Feghali (PCdoB-RJ)<\/li>\n<li>Deputada Perp\u00e9tua Almeida (PCdoB-AC)<\/li>\n<li>Deputada Professora Rosa Neide (PT-MT)<\/li>\n<li>Deputada S\u00e2mia Bomfim (PSOL-SP)<\/li>\n<li>Deputada Tal\u00edria Petrone (PSOL-RJ)<\/li>\n<li>Deputado Alexandre Padilha (PT-SP)<\/li>\n<li>Deputado Camilo Capiberibe (PSB-AP)<\/li>\n<li>Deputado David Miranda (PSOL-RJ)<\/li>\n<li>Deputado Enio Verri (PT-PR)<\/li>\n<li>Deputado Glauber Braga (PSOL-RJ)<\/li>\n<li>Deputado Helder Salom\u00e3o (PT-ES)<\/li>\n<li>Deputado Ivan Valente (PSOL-SP)<\/li>\n<li>Deputado Nilto Tatto (PT-SP)<\/li>\n<li>Deputado Orlando Silva (PCdoB-SP)<\/li>\n<li>Deputado Padre Jo\u00e3o (PT-MG)<\/li>\n<li>Deputado Paul\u00e3o (PT-AL)<\/li>\n<li>Deputado Paulo Pimenta (PT-RS)<\/li>\n<li>Deputado Zeca Dirceu (PT-PR)<\/li>\n<li>Instituto Brasil Palestina \u2013 IBRASPAL<\/li>\n<li>Movimento dos Trabalhadores Rurais Sem Terra \u2013 MST<\/li>\n<li>Central \u00danica dos Trabalhadores \u2013 CUT<\/li>\n<li>Partido Socialismo e Liberdade \u2013 PSOL<\/li>\n<li>Federa\u00e7\u00e3o \u00c1rabe Palestina do Brasil \u2013 FEPAL<\/li>\n<li>Alian\u00e7a Palestina do Maranh\u00e3o<\/li>\n<li>Alian\u00e7a Palestina Recife<\/li>\n<li>Amigos de Palestina<\/li>\n<li>Associa\u00e7\u00e3o de Solidariedade e pela Autodetermina\u00e7\u00e3o do Povo Saaraui \u2013 ASAARAUI<\/li>\n<li>Centro Brasileiro de Solidariedade aos Povos e Luta pela Paz \u2013 Cebrapaz<\/li>\n<li>Centro Cultural Manoel Lisboa<\/li>\n<li>Ciranda Comunica\u00e7\u00e3o Compartilhada<\/li>\n<li>Comit\u00ea Anti-imperialista General Abreu e Lima \u2013 CAL<\/li>\n<li>Comit\u00ea Brasileiro em Defesa dos Direitos do Povo Palestino<\/li>\n<li>Comit\u00eas Isl\u00e2micos de Solidariedade \u2013 CIS<\/li>\n<li>Espa\u00e7o cultural e pol\u00edtico al Janiah<\/li>\n<li>Frente Nacional de Luta Campo e Cidade \u2013 FNL<\/li>\n<li>F\u00f3rum Latino Palestino \u2013 FLP<\/li>\n<li>Grupo de Estudos Ret\u00f3ricas do Poder e Resist\u00eancias \u2013 GERPOL\/UnB<\/li>\n<li>Instituto de Estudos sobre Geopol\u00edtica do Oriente M\u00e9dio \u2013 IGEOP<\/li>\n<li>Instituto Estudos e Solidariedade para Palestina Razan al-Najjar<\/li>\n<li>Movimento pela Liberta\u00e7\u00e3o da Palestina \u2013 Ghassan Kanafani<\/li>\n<li>Movimento Policiais Antifascistas do Maranh\u00e3o<\/li>\n<li>Movimento Popular Socialista \u2013 MPS-PSB<\/li>\n<li>Observat\u00f3rio Prolet\u00e1rio<\/li>\n<li>Sociedade Palestina de Bras\u00edlia<\/li>\n<li>Acilino Ribeiro, Advogado<\/li>\n<li>Adilson Ara\u00fajo, Pres. da Central dos Trabalhadores e Trabalhadoras do Brasil \u2013 CTB<\/li>\n<li>Adriana Maria de Souza, Coordenadora Promotoras Legais Populares -PLP<\/li>\n<li>Ahmed Shehada, M\u00e9dico e presidente do Instituto Brasil-Palestina<\/li>\n<li>Ana Cl\u00e1udia Cruz, Psic\u00f3loga\/psicanalista<\/li>\n<li>\u00c2ngela Facundo, Professora Doutora do Departamento de Antropologia\/UFRN<\/li>\n<li>Ahmad Alzoubi, jornalista<\/li>\n<li>Antonio Barreto de Souza, Diretor do Cebrapaz<\/li>\n<li>Antonio Carlos Andrade, Psic\u00f3logo<\/li>\n<li>Baby Siqueira Abr\u00e3o, Jornalista e Escritora<\/li>\n<li>Berenice Bento, Professora Doutora do Departamento de Sociologia da UnB<\/li>\n<li>Bruna Brelaz, Estudante, presidenta da Uni\u00e3o Nacional dos Estudantes \u2013 UNE<\/li>\n<li>Camila Ten\u00f3rio Cunha, Professora<\/li>\n<li>Cesar Sanson, Professor Doutor Departamento de Ci\u00eancias Sociais\/UFRN<\/li>\n<li>Diocl\u00e9cio Luz, Jornalista e Escritor<\/li>\n<li>Divina L\u00facia Rezende, Soci\u00f3loga<\/li>\n<li>Durand Noronha, Banc\u00e1rio aposentado, diretor do Cebrapaz<\/li>\n<li>Eduardo Jos\u00e9 Santana de Araujo, Professor de hist\u00f3ria<\/li>\n<li>Edval Nunes Caj\u00e1, Soci\u00f3logo<\/li>\n<li>Elianildo da Silva Nascimento, Rede Nacional da Diversidade Religiosa e Laicidade<\/li>\n<li>Estenio Ericson Botelho de Azevedo, Professor Doutor Univ. Estadual do Cear\u00e1<\/li>\n<li>Fl\u00e1via Cal\u00e9, Presidenta da Associa\u00e7\u00e3o Nacional dos P\u00f3s-Graduandos \u2013 ANPG<\/li>\n<li>Francisco Miguel Lopes, Ativista por Direitos Humanos<\/li>\n<li>Frej Hanizeh, Jornalista<\/li>\n<li>Gabriel de Souza Fernandes Silva, Tradutor e Ativista<\/li>\n<li>Get\u00falio Vargas J\u00fanior, Pres. da Conf. Nac. das Associa\u00e7\u00f5es de Moradores \u2013 CONAM<\/li>\n<li>Gillian Nauman Iqbal, Historiadora<\/li>\n<li>Glorinha Silva, Ativista dos Direitos Humanos<\/li>\n<li>Heba Ayyad, Jornalista palestina e poeta<\/li>\n<li>Heitor Claro da Silva, Soci\u00f3logo, Mestre em Ci\u00eancias Sociais e Professor<\/li>\n<li>H\u00e9lio Doyle, Jornalista<\/li>\n<li>Heloisa Vieira, Professora aposentada, diretora do Cebrapaz<\/li>\n<li>In\u00e1cio Carvalho, Jornalista, Editor do Portal Vermelho<\/li>\n<li>Inayatullah Khan Zaigham Al Mashriqi, L\u00edder anti-imperialista<\/li>\n<li>Ismael C\u00e9sar, membro da Executiva Nacional da CUT<\/li>\n<li>Jacques de Novion, Professor Doutor do Nescuba\/Ceam<\/li>\n<li>Jamil Abdala Fayad, Pesquisador s\u00eanior aposentado da Epagri-SC<\/li>\n<li>Jamil Murad, M\u00e9dico, ex-Deputado Federal e Presidente do Cebrapaz<\/li>\n<li>Jeanderson de Sousa Mafra, Policial civil<\/li>\n<li>Jerusa Hawass, Mu\u00e7ulmana e ativista negra<\/li>\n<li>Jo\u00e3o Emiliano Fortaleza de Aquino, Professor Doutor Univ. Estadual do Cear\u00e1<\/li>\n<li>Jos\u00e9 Reinaldo, Jornalista, Secret\u00e1rio-Geral do Cebrapaz<\/li>\n<li>Jussara Cony, Farmac\u00eautica ex-deputada Estadual (PCDOB-RS), Dire\u00e7\u00e3o Cebrapaz<\/li>\n<li>Khaksar Tehrik, Movimento contra o Imperialismo brit\u00e2nico<\/li>\n<li>La\u00eds Vit\u00f3ria Cunha de Aguiar, Estudante e m\u00eddia ativista<\/li>\n<li>Levante Feminista Contra o Feminic\u00eddio \u2013 DF<\/li>\n<li>Lucas Assis Souza, Professor, Diretor do Ibraspal<\/li>\n<li>Lucia Helena Issa, Jornalista e escritora<\/li>\n<li>Lu\u00eds Gustavo Guerreiro Moreira, Indigenista, diretor de pesquisa do Cebrapaz<\/li>\n<li>Manoela Gouveia, Advogada, Diretora do Ibraspal<\/li>\n<li>Marcos Antonio Costa, Professor, Cebrapaz\/RJ<\/li>\n<li>Maria Antonia Dal Bello, Comit\u00ea General Abreu e Lima<\/li>\n<li>Maria Jos\u00e9 Maninha, M\u00e9dica e ex-deputada federal<\/li>\n<li>Marianna Ribeiro, Professora do Instituto Federal do Tocantins<\/li>\n<li>Marlon Sergio Perondi Soares, Ativista da causa palestina<\/li>\n<li>Milton Temer, Jornalista e ex-Deputado Federal<\/li>\n<li>Moara Crivelente, Cientista Pol\u00edtica, da Dire\u00e7\u00e3o Executiva Cebrapaz<\/li>\n<li>M\u00f4nica Santos, Enfermeira, Cebrapaz\/ES<\/li>\n<li>Mohamad el Kadri, presidente da Associa\u00e7\u00e3o Isl\u00e2mica SP<\/li>\n<li>Muhammad Nauman Iqbal, Ativista anti-imperialista Nagib Nassar, Professor Em\u00e9rito da UnB<\/li>\n<li>Otamir de Castro, Professor<\/li>\n<li>Patr\u00edcia Soares Barbosa, Professora e hist\u00f3ria Secret\u00e1ria Geral do IGEOP<\/li>\n<li>Paulo Rom\u00e3o, Soci\u00f3logo<\/li>\n<li>Pedro C\u00e9sar Batista, Jornalista<\/li>\n<li>Pedro Paulo Gomes Pereira, Professor Doutor da Unifesp<\/li>\n<li>Raul Carrion, Historiador, Ex-Deputado Estadual (PCdoB-RS)<\/li>\n<li>Renatho Costa, Professor Doutor UNIPAMPA<\/li>\n<li>Rita Freire, Editora do Monitor do Oriente M\u00e9dio<\/li>\n<li>Roberto Miguel, Vigilante, Secret\u00e1rio Geral CUT\/DF<\/li>\n<li>Rozana Barosso, Pres. da Uni\u00e3o Brasileira dos Estudantes Secundaristas \u2013 UBES<\/li>\n<li>Saulo Pinto, Professor Doutor do Departamento de Economia da UFMA<\/li>\n<li>Sayid Marcos Ten\u00f3rio, Historiador e vice-presidente do Ibraspal<\/li>\n<li>Sergio Abdul Rashid, Professor e ativista<\/li>\n<li>Sergio Benassi, ex-Vereador Campinas-SP, Dire\u00e7\u00e3o Cebrapaz<\/li>\n<li>Shirley de Souza Rodrigues Kozlowski, Professora e Mestre em Educa\u00e7\u00e3o<\/li>\n<li>Socorro Gomes, ex-Deputada Federal, presidenta do Conselho Mundial pela Paz<\/li>\n<li>Soraya Misleh, jornalista<\/li>\n<li>Tali Feld Gleiser, Tradutora<\/li>\n<li>Teresinha Braga, M\u00e9dica, diretora do Cebrapaz<\/li>\n<li>Thiago \u00c1vila, Socioambientalista e youtuber no canal Bem Vivendo<\/li>\n<li>Tiago Morbach, presidente da Uni\u00e3o da Juventude Socialista \u2013 UJS<\/li>\n<li>Vanja Andr\u00e9a Santos, Presidenta nacional da Uni\u00e3o Brasileira de Mulheres \u2013 UBM<\/li>\n<li>Vin\u00edcius Pedreira Barbosa da Silva, Professor e Jornalista<\/li>\n<li>Walter Sorrentino, M\u00e9dico e ativista internacionalista<\/li>\n<li>Wevergton Brito Lima, Jornalista e vice-presidente do Cebrapaz<\/li>\n<li>Yasser Jamil Fayad, M\u00e9dico<\/li>\n<\/ul>\n<p>&nbsp;<\/p>\n<p>foto: O Antagonista<\/p>\n<p>fonte: Poder 360<\/p>\n<p>Veja mais not\u00edcias em: <a href=\"http:\/\/www.mspontocom.com.br\/\">www.mspontocom.com.br<\/a><\/p>\n<p>Nosso twitter: @mspontocom<\/p>\n","protected":false},"excerpt":{"rendered":"<p>Em 2021, representantes do MST e deputados do PT, do Partido Comunista do Brasil (PCdoB) e do Psol assinaram um manifesto em defesa do grupo terrorista Hamas, que atacou Israel no s\u00e1bado 7. Os militantes de esquerda se manifestaram em resposta \u00e0 decis\u00e3o do Reino Unido de classificar o Hamas como uma organiza\u00e7\u00e3o terrorista. Os [&hellip;]<\/p>\n","protected":false},"author":2,"featured_media":185160,"comment_status":"open","ping_status":"open","sticky":false,"template":"","format":"standard","meta":{"_monsterinsights_skip_tracking":false,"_monsterinsights_sitenote_active":false,"_monsterinsights_sitenote_note":"","_monsterinsights_sitenote_category":0},"categories":[30260,1,7,30259,12],"tags":[40247,21869,480,23808],"aioseo_notices":[],"_links":{"self":[{"href":"https:\/\/mspontocom.com.br\/site\/wp-json\/wp\/v2\/posts\/185156"}],"collection":[{"href":"https:\/\/mspontocom.com.br\/site\/wp-json\/wp\/v2\/posts"}],"about":[{"href":"https:\/\/mspontocom.com.br\/site\/wp-json\/wp\/v2\/types\/post"}],"author":[{"embeddable":true,"href":"https:\/\/mspontocom.com.br\/site\/wp-json\/wp\/v2\/users\/2"}],"replies":[{"embeddable":true,"href":"https:\/\/mspontocom.com.br\/site\/wp-json\/wp\/v2\/comments?post=185156"}],"version-history":[{"count":4,"href":"https:\/\/mspontocom.com.br\/site\/wp-json\/wp\/v2\/posts\/185156\/revisions"}],"predecessor-version":[{"id":185163,"href":"https:\/\/mspontocom.com.br\/site\/wp-json\/wp\/v2\/posts\/185156\/revisions\/185163"}],"wp:featuredmedia":[{"embeddable":true,"href":"https:\/\/mspontocom.com.br\/site\/wp-json\/wp\/v2\/media\/185160"}],"wp:attachment":[{"href":"https:\/\/mspontocom.com.br\/site\/wp-json\/wp\/v2\/media?parent=185156"}],"wp:term":[{"taxonomy":"category","embeddable":true,"href":"https:\/\/mspontocom.com.br\/site\/wp-json\/wp\/v2\/categories?post=185156"},{"taxonomy":"post_tag","embeddable":true,"href":"https:\/\/mspontocom.com.br\/site\/wp-json\/wp\/v2\/tags?post=185156"}],"curies":[{"name":"wp","href":"https:\/\/api.w.org\/{rel}","templated":true}]}}