{"id":185190,"date":"2023-10-10T07:12:03","date_gmt":"2023-10-10T11:12:03","guid":{"rendered":"https:\/\/mspontocom.com.br\/site\/?p=185190"},"modified":"2023-10-10T07:12:03","modified_gmt":"2023-10-10T11:12:03","slug":"brasil-esta-na-contra-mao-do-mundo-apos-ataque-do-hamas","status":"publish","type":"post","link":"https:\/\/mspontocom.com.br\/site\/brasil-esta-na-contra-mao-do-mundo-apos-ataque-do-hamas\/","title":{"rendered":"Brasil est\u00e1 na contra-m\u00e3o do mundo, ap\u00f3s ataque do Hamas"},"content":{"rendered":"<p style=\"text-align: justify;\"><img loading=\"lazy\" class=\"alignnone size-full wp-image-185204\" src=\"https:\/\/mspontocom.com.br\/site\/wp-content\/uploads\/2023\/10\/site-brasil-esta-na-contra-mao-do-mundo-apos-ataque-do-hamas-hamas1.webp\" alt=\"\" width=\"960\" height=\"640\" srcset=\"https:\/\/mspontocom.com.br\/site\/wp-content\/uploads\/2023\/10\/site-brasil-esta-na-contra-mao-do-mundo-apos-ataque-do-hamas-hamas1.webp 960w, https:\/\/mspontocom.com.br\/site\/wp-content\/uploads\/2023\/10\/site-brasil-esta-na-contra-mao-do-mundo-apos-ataque-do-hamas-hamas1-260x173.webp 260w, https:\/\/mspontocom.com.br\/site\/wp-content\/uploads\/2023\/10\/site-brasil-esta-na-contra-mao-do-mundo-apos-ataque-do-hamas-hamas1-768x512.webp 768w\" sizes=\"(max-width: 960px) 100vw, 960px\" \/>A <strong>publica\u00e7\u00e3o francesa Le Grand Continent<\/strong> fez um levantamento sobre o posicionamento dos pa\u00edses sobre o ataque terrorista sofrido por Israel neste fim de semana.<\/p>\n<p style=\"text-align: justify;\">A revista analisou as notas oficiais divulgadas por cada na\u00e7\u00e3o.<\/p>\n<p style=\"text-align: justify;\"><strong>A predomin\u00e2ncia foi de apoio a Israel,<\/strong> seguido por notas neutras sobre desescalada (o que inclui o Brasil).<\/p>\n<p style=\"text-align: justify;\">No grupo dos BRICS, apenas a \u00cdndia condenou claramente o Hamas.<\/p>\n<p style=\"text-align: justify;\">Na Am\u00e9rica do Sul, Apenas a Venezuela apoiou o grupo que promoveu o ataque terrorista.<\/p>\n<p style=\"text-align: justify;\">Equador, Peru, Argentina, Paraguai, Uruguai e Guiana Francesa manifestaram apoio \u00e0 Israel.<\/p>\n<p style=\"text-align: justify;\"><strong>Brasil, Bol\u00edvia, Chile e Col\u00f4mbia mantiveram a neutralidade.<\/strong><\/p>\n<p style=\"text-align: justify;\">\n<p>fonte: Rodrigo Vilela, Di\u00e1rio do Poder<\/p>\n<p>Veja mais not\u00edcias em: <a href=\"http:\/\/www.mspontocom.com.br\/\">www.mspontocom.com.br<\/a><\/p>\n<p>Nosso twitter: @mspontocom<\/p>\n","protected":false},"excerpt":{"rendered":"<p>A publica\u00e7\u00e3o francesa Le Grand Continent fez um levantamento sobre o posicionamento dos pa\u00edses sobre o ataque terrorista sofrido por Israel neste fim de semana. A revista analisou as notas oficiais divulgadas por cada na\u00e7\u00e3o. A predomin\u00e2ncia foi de apoio a Israel, seguido por notas neutras sobre desescalada (o que inclui o Brasil). No grupo [&hellip;]<\/p>\n","protected":false},"author":2,"featured_media":185204,"comment_status":"open","ping_status":"open","sticky":false,"template":"","format":"standard","meta":{"_monsterinsights_skip_tracking":false,"_monsterinsights_sitenote_active":false,"_monsterinsights_sitenote_note":"","_monsterinsights_sitenote_category":0},"categories":[30260,7,30259,12],"tags":[2261,30254,40254,40246,2203,14727],"aioseo_notices":[],"_links":{"self":[{"href":"https:\/\/mspontocom.com.br\/site\/wp-json\/wp\/v2\/posts\/185190"}],"collection":[{"href":"https:\/\/mspontocom.com.br\/site\/wp-json\/wp\/v2\/posts"}],"about":[{"href":"https:\/\/mspontocom.com.br\/site\/wp-json\/wp\/v2\/types\/post"}],"author":[{"embeddable":true,"href":"https:\/\/mspontocom.com.br\/site\/wp-json\/wp\/v2\/users\/2"}],"replies":[{"embeddable":true,"href":"https:\/\/mspontocom.com.br\/site\/wp-json\/wp\/v2\/comments?post=185190"}],"version-history":[{"count":2,"href":"https:\/\/mspontocom.com.br\/site\/wp-json\/wp\/v2\/posts\/185190\/revisions"}],"predecessor-version":[{"id":185205,"href":"https:\/\/mspontocom.com.br\/site\/wp-json\/wp\/v2\/posts\/185190\/revisions\/185205"}],"wp:featuredmedia":[{"embeddable":true,"href":"https:\/\/mspontocom.com.br\/site\/wp-json\/wp\/v2\/media\/185204"}],"wp:attachment":[{"href":"https:\/\/mspontocom.com.br\/site\/wp-json\/wp\/v2\/media?parent=185190"}],"wp:term":[{"taxonomy":"category","embeddable":true,"href":"https:\/\/mspontocom.com.br\/site\/wp-json\/wp\/v2\/categories?post=185190"},{"taxonomy":"post_tag","embeddable":true,"href":"https:\/\/mspontocom.com.br\/site\/wp-json\/wp\/v2\/tags?post=185190"}],"curies":[{"name":"wp","href":"https:\/\/api.w.org\/{rel}","templated":true}]}}