{"id":185271,"date":"2023-10-13T05:21:55","date_gmt":"2023-10-13T09:21:55","guid":{"rendered":"https:\/\/mspontocom.com.br\/site\/?p=185271"},"modified":"2023-10-13T05:21:55","modified_gmt":"2023-10-13T09:21:55","slug":"com-amigos-no-hamas-lula-tenta-negociar-libertacao-dos-refens","status":"publish","type":"post","link":"https:\/\/mspontocom.com.br\/site\/com-amigos-no-hamas-lula-tenta-negociar-libertacao-dos-refens\/","title":{"rendered":"Com amigos no Hamas, Lula tenta negociar liberta\u00e7\u00e3o dos ref\u00e9ns"},"content":{"rendered":"<p style=\"text-align: justify;\"><img loading=\"lazy\" class=\"alignnone size-full wp-image-185273\" src=\"https:\/\/mspontocom.com.br\/site\/wp-content\/uploads\/2023\/10\/site-com-amigos-no-hamas-lula-tenta-negociar-libertacao-dos-refens-lula-arabe.jpg\" alt=\"\" width=\"595\" height=\"425\" srcset=\"https:\/\/mspontocom.com.br\/site\/wp-content\/uploads\/2023\/10\/site-com-amigos-no-hamas-lula-tenta-negociar-libertacao-dos-refens-lula-arabe.jpg 595w, https:\/\/mspontocom.com.br\/site\/wp-content\/uploads\/2023\/10\/site-com-amigos-no-hamas-lula-tenta-negociar-libertacao-dos-refens-lula-arabe-260x186.jpg 260w\" sizes=\"(max-width: 595px) 100vw, 595px\" \/><\/p>\n<p style=\"text-align: justify;\">O governo<strong> Lula<\/strong> certamente n\u00e3o ter\u00e1 dificuldade de obter a liberta\u00e7\u00e3o dos brasileiros sequestrados e mantidos como ref\u00e9ns pelo<strong> Hamas,<\/strong> em raz\u00e3o das rela\u00e7\u00f5es fraternais com o grupo terrorista.<\/p>\n<p style=\"text-align: justify;\">Nota no site oficial do Hamas, os terroristas se congratularam com Lula por sua vit\u00f3ria.<\/p>\n<p style=\"text-align: justify;\">Publicada em 31 de outubro de 2022, a nota ainda pode ser lida e nela h\u00e1 refer\u00eancias \u00e0 defesa que Lula sempre fez da \u201ccausa palestina\u201d.<\/p>\n<div class=\"notas\">\n<p style=\"text-align: justify;\"><span style=\"font-size: 14pt;\"><strong>Desinforma\u00e7\u00e3o<\/strong><\/span><\/p>\n<p style=\"text-align: justify;\">A m\u00eddia oficialesca, que relativiza terroristas, alegou que o Itamaraty \u201cn\u00e3o confirmou\u201d os ref\u00e9ns, como se fosse fonte confi\u00e1vel no conflito.<\/p>\n<div id=\"Nota-5\" class=\"entry-block ch-nota Nota-5\" style=\"text-align: justify;\">\n<h3>Terroristas longe<\/h3>\n<\/div>\n<p style=\"text-align: justify;\">Caso resolva acudir os ref\u00e9ns, o problema de Lula ser\u00e1 encontrar interlocutores: covardes, os chefes do Hamas podem ter fugido de Gaza.<\/p>\n<p style=\"text-align: justify;\">\n<\/div>\n<p>fonte: Claudio Humberto, Di\u00e1rio do Poder<\/p>\n<p>Veja mais not\u00edcias em: <a href=\"http:\/\/www.mspontocom.com.br\/\">www.mspontocom.com.br<\/a><\/p>\n<p>Nosso twitter: @mspontocom<\/p>\n","protected":false},"excerpt":{"rendered":"<p>O governo Lula certamente n\u00e3o ter\u00e1 dificuldade de obter a liberta\u00e7\u00e3o dos brasileiros sequestrados e mantidos como ref\u00e9ns pelo Hamas, em raz\u00e3o das rela\u00e7\u00f5es fraternais com o grupo terrorista. Nota no site oficial do Hamas, os terroristas se congratularam com Lula por sua vit\u00f3ria. Publicada em 31 de outubro de 2022, a nota ainda pode [&hellip;]<\/p>\n","protected":false},"author":2,"featured_media":185273,"comment_status":"open","ping_status":"open","sticky":false,"template":"","format":"standard","meta":{"_monsterinsights_skip_tracking":false,"_monsterinsights_sitenote_active":false,"_monsterinsights_sitenote_note":"","_monsterinsights_sitenote_category":0},"categories":[30260,7,30259,12],"tags":[40246,480,40261],"aioseo_notices":[],"_links":{"self":[{"href":"https:\/\/mspontocom.com.br\/site\/wp-json\/wp\/v2\/posts\/185271"}],"collection":[{"href":"https:\/\/mspontocom.com.br\/site\/wp-json\/wp\/v2\/posts"}],"about":[{"href":"https:\/\/mspontocom.com.br\/site\/wp-json\/wp\/v2\/types\/post"}],"author":[{"embeddable":true,"href":"https:\/\/mspontocom.com.br\/site\/wp-json\/wp\/v2\/users\/2"}],"replies":[{"embeddable":true,"href":"https:\/\/mspontocom.com.br\/site\/wp-json\/wp\/v2\/comments?post=185271"}],"version-history":[{"count":2,"href":"https:\/\/mspontocom.com.br\/site\/wp-json\/wp\/v2\/posts\/185271\/revisions"}],"predecessor-version":[{"id":185274,"href":"https:\/\/mspontocom.com.br\/site\/wp-json\/wp\/v2\/posts\/185271\/revisions\/185274"}],"wp:featuredmedia":[{"embeddable":true,"href":"https:\/\/mspontocom.com.br\/site\/wp-json\/wp\/v2\/media\/185273"}],"wp:attachment":[{"href":"https:\/\/mspontocom.com.br\/site\/wp-json\/wp\/v2\/media?parent=185271"}],"wp:term":[{"taxonomy":"category","embeddable":true,"href":"https:\/\/mspontocom.com.br\/site\/wp-json\/wp\/v2\/categories?post=185271"},{"taxonomy":"post_tag","embeddable":true,"href":"https:\/\/mspontocom.com.br\/site\/wp-json\/wp\/v2\/tags?post=185271"}],"curies":[{"name":"wp","href":"https:\/\/api.w.org\/{rel}","templated":true}]}}