{"id":185304,"date":"2023-10-14T06:57:30","date_gmt":"2023-10-14T10:57:30","guid":{"rendered":"https:\/\/mspontocom.com.br\/site\/?p=185304"},"modified":"2023-10-14T06:57:30","modified_gmt":"2023-10-14T10:57:30","slug":"embaixador-de-israel-censura-governo-brasileiro-por-nao-considerar-hamas-grupo-terrorista","status":"publish","type":"post","link":"https:\/\/mspontocom.com.br\/site\/embaixador-de-israel-censura-governo-brasileiro-por-nao-considerar-hamas-grupo-terrorista\/","title":{"rendered":"Embaixador de Israel censura governo brasileiro por n\u00e3o considerar Hamas grupo terrorista"},"content":{"rendered":"<p style=\"text-align: justify;\"><img loading=\"lazy\" class=\"alignnone size-full wp-image-185305\" src=\"https:\/\/mspontocom.com.br\/site\/wp-content\/uploads\/2023\/10\/site-embaixador-de-israel-censura-governo-brasileiro-por-nao-considerar-hamas-grupo-terrorista-lula-hamas-terror.jpg\" alt=\"\" width=\"747\" height=\"418\" srcset=\"https:\/\/mspontocom.com.br\/site\/wp-content\/uploads\/2023\/10\/site-embaixador-de-israel-censura-governo-brasileiro-por-nao-considerar-hamas-grupo-terrorista-lula-hamas-terror.jpg 747w, https:\/\/mspontocom.com.br\/site\/wp-content\/uploads\/2023\/10\/site-embaixador-de-israel-censura-governo-brasileiro-por-nao-considerar-hamas-grupo-terrorista-lula-hamas-terror-260x145.jpg 260w\" sizes=\"(max-width: 747px) 100vw, 747px\" \/>O embaixador de Israel no Brasil, Daniel Zonshine, disse, em entrevista exclusiva \u00e0 <strong>Gazeta do Povo<\/strong> que acha \u201cestranho\u201d como o governo brasileiro tem lidado com os discursos antissemitas e pr\u00f3-Hamas que t\u00eam sido proferidos nas <strong>redes sociais<\/strong> e por <strong>pol\u00edticos<\/strong> nos \u00faltimos dias.<\/p>\n<p style=\"text-align: justify;\">&#8220;N\u00f3s pensamos que matar crian\u00e7as, beb\u00eas, mulheres, decapitar, estuprar, al\u00e9m de atacar civis em suas casas e queimar tudo, \u00e9 terrorismo. <strong>O governo brasileiro n\u00e3o pensa assim.<\/strong> Pelo menos pelas palavras que usaram&#8221;, disse o Zonshine.<\/p>\n<p style=\"text-align: justify;\">Ele classificou ainda como vergonhoso para todos os brasileiros o fato de haver, no pa\u00eds, partidos pol\u00edticos que apoiam e tratam um grupo terrorista como o Hamas como &#8220;movimento&#8221; pr\u00f3-liberta\u00e7\u00e3o da Palestina.<\/p>\n<p>&nbsp;<\/p>\n<p>fonte: Gazeta do Povo<\/p>\n<p>foto: oantagonismo<\/p>\n<p>Veja mais not\u00edcias em: <a href=\"http:\/\/www.mspontocom.com.br\/\">www.mspontocom.com.br<\/a><\/p>\n<p>Nosso twitter: @mspontocom<\/p>\n<p>&nbsp;<\/p>\n","protected":false},"excerpt":{"rendered":"<p>O embaixador de Israel no Brasil, Daniel Zonshine, disse, em entrevista exclusiva \u00e0 Gazeta do Povo que acha \u201cestranho\u201d como o governo brasileiro tem lidado com os discursos antissemitas e pr\u00f3-Hamas que t\u00eam sido proferidos nas redes sociais e por pol\u00edticos nos \u00faltimos dias. &#8220;N\u00f3s pensamos que matar crian\u00e7as, beb\u00eas, mulheres, decapitar, estuprar, al\u00e9m de [&hellip;]<\/p>\n","protected":false},"author":2,"featured_media":185305,"comment_status":"open","ping_status":"open","sticky":false,"template":"","format":"standard","meta":{"_monsterinsights_skip_tracking":false,"_monsterinsights_sitenote_active":false,"_monsterinsights_sitenote_note":"","_monsterinsights_sitenote_category":0},"categories":[30260,7,30259,12],"tags":[],"aioseo_notices":[],"_links":{"self":[{"href":"https:\/\/mspontocom.com.br\/site\/wp-json\/wp\/v2\/posts\/185304"}],"collection":[{"href":"https:\/\/mspontocom.com.br\/site\/wp-json\/wp\/v2\/posts"}],"about":[{"href":"https:\/\/mspontocom.com.br\/site\/wp-json\/wp\/v2\/types\/post"}],"author":[{"embeddable":true,"href":"https:\/\/mspontocom.com.br\/site\/wp-json\/wp\/v2\/users\/2"}],"replies":[{"embeddable":true,"href":"https:\/\/mspontocom.com.br\/site\/wp-json\/wp\/v2\/comments?post=185304"}],"version-history":[{"count":1,"href":"https:\/\/mspontocom.com.br\/site\/wp-json\/wp\/v2\/posts\/185304\/revisions"}],"predecessor-version":[{"id":185306,"href":"https:\/\/mspontocom.com.br\/site\/wp-json\/wp\/v2\/posts\/185304\/revisions\/185306"}],"wp:featuredmedia":[{"embeddable":true,"href":"https:\/\/mspontocom.com.br\/site\/wp-json\/wp\/v2\/media\/185305"}],"wp:attachment":[{"href":"https:\/\/mspontocom.com.br\/site\/wp-json\/wp\/v2\/media?parent=185304"}],"wp:term":[{"taxonomy":"category","embeddable":true,"href":"https:\/\/mspontocom.com.br\/site\/wp-json\/wp\/v2\/categories?post=185304"},{"taxonomy":"post_tag","embeddable":true,"href":"https:\/\/mspontocom.com.br\/site\/wp-json\/wp\/v2\/tags?post=185304"}],"curies":[{"name":"wp","href":"https:\/\/api.w.org\/{rel}","templated":true}]}}