{"id":185356,"date":"2023-10-17T05:46:41","date_gmt":"2023-10-17T09:46:41","guid":{"rendered":"https:\/\/mspontocom.com.br\/site\/?p=185356"},"modified":"2023-10-17T05:46:41","modified_gmt":"2023-10-17T09:46:41","slug":"governo-lula-rebatiza-grupo-terrorista-hamas-de-movimento","status":"publish","type":"post","link":"https:\/\/mspontocom.com.br\/site\/governo-lula-rebatiza-grupo-terrorista-hamas-de-movimento\/","title":{"rendered":"Governo Lula rebatiza grupo terrorista Hamas de \u2018movimento\u2019"},"content":{"rendered":"<p style=\"text-align: justify;\"><img loading=\"lazy\" class=\"alignnone size-full wp-image-185363\" src=\"https:\/\/mspontocom.com.br\/site\/wp-content\/uploads\/2023\/10\/site-governo-lula-rebatiza-grupo-terrorista-hamas-de-movimento-lula-terrorista.webp\" alt=\"\" width=\"1200\" height=\"675\" srcset=\"https:\/\/mspontocom.com.br\/site\/wp-content\/uploads\/2023\/10\/site-governo-lula-rebatiza-grupo-terrorista-hamas-de-movimento-lula-terrorista.webp 1200w, https:\/\/mspontocom.com.br\/site\/wp-content\/uploads\/2023\/10\/site-governo-lula-rebatiza-grupo-terrorista-hamas-de-movimento-lula-terrorista-260x146.webp 260w, https:\/\/mspontocom.com.br\/site\/wp-content\/uploads\/2023\/10\/site-governo-lula-rebatiza-grupo-terrorista-hamas-de-movimento-lula-terrorista-1024x576.webp 1024w, https:\/\/mspontocom.com.br\/site\/wp-content\/uploads\/2023\/10\/site-governo-lula-rebatiza-grupo-terrorista-hamas-de-movimento-lula-terrorista-768x432.webp 768w\" sizes=\"(max-width: 1200px) 100vw, 1200px\" \/>O contorcionismo ideol\u00f3gico do governo Lula e do PT rebatizou de \u201cmovimento\u201d o grupo terrorista Hamas, apesar de haver executado tr\u00eas brasileiros assassinados porque se divertiam em uma festa rave.<\/p>\n<p style=\"text-align: justify;\">Covardes, por serem terroristas, perseguiram e mataram apenas civis desarmados.<\/p>\n<div id=\"Nota-7\" class=\"entry-block ch-nota Nota-7\" style=\"text-align: justify;\">\n<h3>\u2018Soldados\u2019 do mal<\/h3>\n<\/div>\n<p style=\"text-align: justify;\">Pol\u00edticos e jornalistas sob influ\u00eancia do governo Lula tamb\u00e9m chamam os terroristas do Hamas de \u201ccombatentes\u201d e at\u00e9 mesmo de \u201csoldados\u201d.<\/p>\n<div id=\"Nota-8\" class=\"entry-block ch-nota Nota-8\" style=\"text-align: justify;\">\n<h3>Passando pano<\/h3>\n<\/div>\n<p style=\"text-align: justify;\">No esfor\u00e7o de \u201cpassar pano\u201d nos terroristas, at\u00e9 ve\u00edculos de m\u00eddia no Brasil j\u00e1 nem mencionam o come\u00e7o de tudo: as atrocidades do dia 7.<\/p>\n<div id=\"Nota-9\" class=\"entry-block ch-nota Nota-9\" style=\"text-align: justify;\">\n<h3>Tropa do \u00f3dio<\/h3>\n<\/div>\n<p style=\"text-align: justify;\">Omitir as atrocidades do Hamas dez dias depois de cometidas \u00e9 uma estrat\u00e9gia para escond\u00ea-las e retomar o discurso de \u00f3dio contra Israel.<\/p>\n<p style=\"text-align: justify;\">\n<p style=\"text-align: justify;\">fonte: Coluna Claudio Humberto, Di\u00e1rio do Poder<\/p>\n<p>foto montagem: O Antagonista<\/p>\n<p style=\"text-align: justify;\">Veja mais not\u00edcias em: <a href=\"http:\/\/www.mspontocom.com.br\/\">www.mspontocom.com.br<\/a><\/p>\n<p style=\"text-align: justify;\">Nosso twitter: @mspontocom<\/p>\n","protected":false},"excerpt":{"rendered":"<p>O contorcionismo ideol\u00f3gico do governo Lula e do PT rebatizou de \u201cmovimento\u201d o grupo terrorista Hamas, apesar de haver executado tr\u00eas brasileiros assassinados porque se divertiam em uma festa rave. Covardes, por serem terroristas, perseguiram e mataram apenas civis desarmados. \u2018Soldados\u2019 do mal Pol\u00edticos e jornalistas sob influ\u00eancia do governo Lula tamb\u00e9m chamam os terroristas [&hellip;]<\/p>\n","protected":false},"author":2,"featured_media":185363,"comment_status":"open","ping_status":"open","sticky":false,"template":"","format":"standard","meta":{"_monsterinsights_skip_tracking":false,"_monsterinsights_sitenote_active":false,"_monsterinsights_sitenote_note":"","_monsterinsights_sitenote_category":0},"categories":[30260,7,30259,12],"tags":[78,40246,480,21404,24011],"aioseo_notices":[],"_links":{"self":[{"href":"https:\/\/mspontocom.com.br\/site\/wp-json\/wp\/v2\/posts\/185356"}],"collection":[{"href":"https:\/\/mspontocom.com.br\/site\/wp-json\/wp\/v2\/posts"}],"about":[{"href":"https:\/\/mspontocom.com.br\/site\/wp-json\/wp\/v2\/types\/post"}],"author":[{"embeddable":true,"href":"https:\/\/mspontocom.com.br\/site\/wp-json\/wp\/v2\/users\/2"}],"replies":[{"embeddable":true,"href":"https:\/\/mspontocom.com.br\/site\/wp-json\/wp\/v2\/comments?post=185356"}],"version-history":[{"count":2,"href":"https:\/\/mspontocom.com.br\/site\/wp-json\/wp\/v2\/posts\/185356\/revisions"}],"predecessor-version":[{"id":185364,"href":"https:\/\/mspontocom.com.br\/site\/wp-json\/wp\/v2\/posts\/185356\/revisions\/185364"}],"wp:featuredmedia":[{"embeddable":true,"href":"https:\/\/mspontocom.com.br\/site\/wp-json\/wp\/v2\/media\/185363"}],"wp:attachment":[{"href":"https:\/\/mspontocom.com.br\/site\/wp-json\/wp\/v2\/media?parent=185356"}],"wp:term":[{"taxonomy":"category","embeddable":true,"href":"https:\/\/mspontocom.com.br\/site\/wp-json\/wp\/v2\/categories?post=185356"},{"taxonomy":"post_tag","embeddable":true,"href":"https:\/\/mspontocom.com.br\/site\/wp-json\/wp\/v2\/tags?post=185356"}],"curies":[{"name":"wp","href":"https:\/\/api.w.org\/{rel}","templated":true}]}}