{"id":185418,"date":"2023-10-19T05:24:26","date_gmt":"2023-10-19T09:24:26","guid":{"rendered":"https:\/\/mspontocom.com.br\/site\/?p=185418"},"modified":"2023-10-19T05:24:26","modified_gmt":"2023-10-19T09:24:26","slug":"sem-provas-lula-chama-de-ataque-bomba-em-hospital-de-gaza","status":"publish","type":"post","link":"https:\/\/mspontocom.com.br\/site\/sem-provas-lula-chama-de-ataque-bomba-em-hospital-de-gaza\/","title":{"rendered":"Sem provas, Lula chama de \u201cataque\u201d bomba em hospital de Gaza"},"content":{"rendered":"<p style=\"text-align: justify;\"><img loading=\"lazy\" class=\"alignnone size-full wp-image-185424\" src=\"https:\/\/mspontocom.com.br\/site\/wp-content\/uploads\/2023\/10\/site-sem-provas-lula-chama-de-ataque-bomba-em-hospital-de-gaza-lula-terrorista.webp\" alt=\"\" width=\"1200\" height=\"675\" srcset=\"https:\/\/mspontocom.com.br\/site\/wp-content\/uploads\/2023\/10\/site-sem-provas-lula-chama-de-ataque-bomba-em-hospital-de-gaza-lula-terrorista.webp 1200w, https:\/\/mspontocom.com.br\/site\/wp-content\/uploads\/2023\/10\/site-sem-provas-lula-chama-de-ataque-bomba-em-hospital-de-gaza-lula-terrorista-260x146.webp 260w, https:\/\/mspontocom.com.br\/site\/wp-content\/uploads\/2023\/10\/site-sem-provas-lula-chama-de-ataque-bomba-em-hospital-de-gaza-lula-terrorista-1024x576.webp 1024w, https:\/\/mspontocom.com.br\/site\/wp-content\/uploads\/2023\/10\/site-sem-provas-lula-chama-de-ataque-bomba-em-hospital-de-gaza-lula-terrorista-768x432.webp 768w\" sizes=\"(max-width: 1200px) 100vw, 1200px\" \/>O presidente <strong>Lula<\/strong> classificou como \u201cataque\u201d a bomba na regi\u00e3o do Hospital de Al-Ahli, na Faixa de Gaza, na 3\u00aa feira (17.out.2023).<\/p>\n<p style=\"text-align: justify;\">\u201cO ataque ao Hospital Baptista Al-Ahli \u00e9 uma trag\u00e9dia injustific\u00e1vel.\u00a0 Hospitais, casas, escolas, constru\u00eddas com tanto sacrif\u00edcio destru\u00eddas em instantes.\u00a0 Os inocentes n\u00e3o podem pagar pela insanidade da guerra\u201d, declarou Lula no X .<\/p>\n<p style=\"text-align: justify;\">Procurada pelo Poder360, a Secom (Secretaria de Comunica\u00e7\u00e3o Social) disse que \u201cem contexto de conflito, o que atinge civis inocentes \u00e9 ataque\u201d.<\/p>\n<p style=\"text-align: justify;\">As For\u00e7as de Defesa de Israel, por sua vez, afirmaram\u00a0 que o foguete que atingiu o hospital n\u00e3o partiu do territ\u00f3rio israelense.<\/p>\n<p style=\"text-align: justify;\">Segundo a corpora\u00e7\u00e3o, a Jihad Isl\u00e2mica, grupo armado que atua dentro de Gaza, teria sido respons\u00e1vel pelo epis\u00f3dio.<\/p>\n<p style=\"text-align: justify;\">fonte: Poder 360<\/p>\n<p>Veja mais not\u00edcias em: <a href=\"http:\/\/www.mspontocom.com.br\/\">www.mspontocom.com.br<\/a><\/p>\n<p>Nosso twitter: @mspontocom<\/p>\n","protected":false},"excerpt":{"rendered":"<p>O presidente Lula classificou como \u201cataque\u201d a bomba na regi\u00e3o do Hospital de Al-Ahli, na Faixa de Gaza, na 3\u00aa feira (17.out.2023). \u201cO ataque ao Hospital Baptista Al-Ahli \u00e9 uma trag\u00e9dia injustific\u00e1vel.\u00a0 Hospitais, casas, escolas, constru\u00eddas com tanto sacrif\u00edcio destru\u00eddas em instantes.\u00a0 Os inocentes n\u00e3o podem pagar pela insanidade da guerra\u201d, declarou Lula no X [&hellip;]<\/p>\n","protected":false},"author":2,"featured_media":185424,"comment_status":"open","ping_status":"open","sticky":false,"template":"","format":"standard","meta":{"_monsterinsights_skip_tracking":false,"_monsterinsights_sitenote_active":false,"_monsterinsights_sitenote_note":"","_monsterinsights_sitenote_category":0},"categories":[30260,7,30259,12],"tags":[2261,22790,40288,499,480],"aioseo_notices":[],"_links":{"self":[{"href":"https:\/\/mspontocom.com.br\/site\/wp-json\/wp\/v2\/posts\/185418"}],"collection":[{"href":"https:\/\/mspontocom.com.br\/site\/wp-json\/wp\/v2\/posts"}],"about":[{"href":"https:\/\/mspontocom.com.br\/site\/wp-json\/wp\/v2\/types\/post"}],"author":[{"embeddable":true,"href":"https:\/\/mspontocom.com.br\/site\/wp-json\/wp\/v2\/users\/2"}],"replies":[{"embeddable":true,"href":"https:\/\/mspontocom.com.br\/site\/wp-json\/wp\/v2\/comments?post=185418"}],"version-history":[{"count":2,"href":"https:\/\/mspontocom.com.br\/site\/wp-json\/wp\/v2\/posts\/185418\/revisions"}],"predecessor-version":[{"id":185425,"href":"https:\/\/mspontocom.com.br\/site\/wp-json\/wp\/v2\/posts\/185418\/revisions\/185425"}],"wp:featuredmedia":[{"embeddable":true,"href":"https:\/\/mspontocom.com.br\/site\/wp-json\/wp\/v2\/media\/185424"}],"wp:attachment":[{"href":"https:\/\/mspontocom.com.br\/site\/wp-json\/wp\/v2\/media?parent=185418"}],"wp:term":[{"taxonomy":"category","embeddable":true,"href":"https:\/\/mspontocom.com.br\/site\/wp-json\/wp\/v2\/categories?post=185418"},{"taxonomy":"post_tag","embeddable":true,"href":"https:\/\/mspontocom.com.br\/site\/wp-json\/wp\/v2\/tags?post=185418"}],"curies":[{"name":"wp","href":"https:\/\/api.w.org\/{rel}","templated":true}]}}