{"id":185919,"date":"2023-11-06T05:27:06","date_gmt":"2023-11-06T09:27:06","guid":{"rendered":"https:\/\/mspontocom.com.br\/site\/?p=185919"},"modified":"2023-11-06T05:27:06","modified_gmt":"2023-11-06T09:27:06","slug":"em-nota-oficial-pt-formaliza-apoio-a-massa-contra-milei","status":"publish","type":"post","link":"https:\/\/mspontocom.com.br\/site\/em-nota-oficial-pt-formaliza-apoio-a-massa-contra-milei\/","title":{"rendered":"Em nota oficial, PT formaliza apoio a Massa contra Milei"},"content":{"rendered":"<p class=\"styles__ParagraphStyled-rhi54a-0 gsXpUS \" style=\"text-align: justify;\"><img loading=\"lazy\" class=\"alignnone size-full wp-image-185927\" src=\"https:\/\/mspontocom.com.br\/site\/wp-content\/uploads\/2023\/11\/site-em-nota-oficial-pt-formaliza-apoio-a-massa-contra-milei-pt.png\" alt=\"\" width=\"800\" height=\"445\" srcset=\"https:\/\/mspontocom.com.br\/site\/wp-content\/uploads\/2023\/11\/site-em-nota-oficial-pt-formaliza-apoio-a-massa-contra-milei-pt.png 800w, https:\/\/mspontocom.com.br\/site\/wp-content\/uploads\/2023\/11\/site-em-nota-oficial-pt-formaliza-apoio-a-massa-contra-milei-pt-260x145.png 260w, https:\/\/mspontocom.com.br\/site\/wp-content\/uploads\/2023\/11\/site-em-nota-oficial-pt-formaliza-apoio-a-massa-contra-milei-pt-768x427.png 768w\" sizes=\"(max-width: 800px) 100vw, 800px\" \/>O PT publicou\u00a0 uma nota oficial na qual declara apoio \u00e0 candidatura de <strong>Sergio Massa<\/strong> \u00e0 presid\u00eancia da Rep\u00fablica na Argentina.<\/p>\n<p class=\"styles__ParagraphStyled-rhi54a-0 gsXpUS \" style=\"text-align: justify;\">\u201cN\u00e3o temos d\u00favida em <strong>apoiar a candidatura de Sergio Massa<\/strong>, da coaliz\u00e3o Uni\u00e3o pela P\u00e1tria, no nosso pa\u00eds irm\u00e3o. \u201d, diz um trecho da nota do <strong>PT.<\/strong><\/p>\n<p class=\"styles__ParagraphStyled-rhi54a-0 gsXpUS \" style=\"text-align: justify;\">O documento \u00e9 assinado pela presidente do partido, a deputada federal Gleise Hoffmann \u00a0e pelo Secret\u00e1rio de Rela\u00e7\u00f5es Internacionais do partido,\u00a0Rom\u00eanio Pereira.<\/p>\n<p class=\"styles__ParagraphStyled-rhi54a-0 gsXpUS \" style=\"text-align: justify;\">O peronista\u00a0<strong>Sergio Massa<\/strong>\u00a0\u00e9 o atual ministro da Economia do governo de Alberto Fernandez, de centro-esquerda.<\/p>\n<p class=\"styles__ParagraphStyled-rhi54a-0 gsXpUS \" style=\"text-align: justify;\">\u00a0No dia 19 de novembro, Massa enfrentar\u00e1 o candidato de direita <strong>Javier Milei<\/strong>, candidato da coaliz\u00e3o Liberdade Avan\u00e7a.<\/p>\n<p class=\"styles__ParagraphStyled-rhi54a-0 gsXpUS \" style=\"text-align: justify;\">Economista e oriundo do mercado financeiro, Milei defende propostas liberais para a economia, como a dolariza\u00e7\u00e3o da economia argentina, a redu\u00e7\u00e3o dos gastos p\u00fablicos e de impostos.<\/p>\n<p style=\"text-align: justify;\">\n<p style=\"text-align: justify;\">fonte: O Estado<\/p>\n<p>foto: Gazeta do Povo<\/p>\n<p>Veja mais not\u00edcias em: <a href=\"http:\/\/www.mspontocom.com.br\/\">www.mspontocom.com.br<\/a><\/p>\n<p>Nosso twitter: @mspontocom<\/p>\n","protected":false},"excerpt":{"rendered":"<p>O PT publicou\u00a0 uma nota oficial na qual declara apoio \u00e0 candidatura de Sergio Massa \u00e0 presid\u00eancia da Rep\u00fablica na Argentina. \u201cN\u00e3o temos d\u00favida em apoiar a candidatura de Sergio Massa, da coaliz\u00e3o Uni\u00e3o pela P\u00e1tria, no nosso pa\u00eds irm\u00e3o. \u201d, diz um trecho da nota do PT. O documento \u00e9 assinado pela presidente do [&hellip;]<\/p>\n","protected":false},"author":2,"featured_media":185927,"comment_status":"open","ping_status":"open","sticky":false,"template":"","format":"standard","meta":{"_monsterinsights_skip_tracking":false,"_monsterinsights_sitenote_active":false,"_monsterinsights_sitenote_note":"","_monsterinsights_sitenote_category":0},"categories":[30260,7,30259,12],"tags":[3546,1165,40234,5826,533],"aioseo_notices":[],"_links":{"self":[{"href":"https:\/\/mspontocom.com.br\/site\/wp-json\/wp\/v2\/posts\/185919"}],"collection":[{"href":"https:\/\/mspontocom.com.br\/site\/wp-json\/wp\/v2\/posts"}],"about":[{"href":"https:\/\/mspontocom.com.br\/site\/wp-json\/wp\/v2\/types\/post"}],"author":[{"embeddable":true,"href":"https:\/\/mspontocom.com.br\/site\/wp-json\/wp\/v2\/users\/2"}],"replies":[{"embeddable":true,"href":"https:\/\/mspontocom.com.br\/site\/wp-json\/wp\/v2\/comments?post=185919"}],"version-history":[{"count":2,"href":"https:\/\/mspontocom.com.br\/site\/wp-json\/wp\/v2\/posts\/185919\/revisions"}],"predecessor-version":[{"id":185928,"href":"https:\/\/mspontocom.com.br\/site\/wp-json\/wp\/v2\/posts\/185919\/revisions\/185928"}],"wp:featuredmedia":[{"embeddable":true,"href":"https:\/\/mspontocom.com.br\/site\/wp-json\/wp\/v2\/media\/185927"}],"wp:attachment":[{"href":"https:\/\/mspontocom.com.br\/site\/wp-json\/wp\/v2\/media?parent=185919"}],"wp:term":[{"taxonomy":"category","embeddable":true,"href":"https:\/\/mspontocom.com.br\/site\/wp-json\/wp\/v2\/categories?post=185919"},{"taxonomy":"post_tag","embeddable":true,"href":"https:\/\/mspontocom.com.br\/site\/wp-json\/wp\/v2\/tags?post=185919"}],"curies":[{"name":"wp","href":"https:\/\/api.w.org\/{rel}","templated":true}]}}