{"id":185987,"date":"2023-11-08T05:42:34","date_gmt":"2023-11-08T09:42:34","guid":{"rendered":"https:\/\/mspontocom.com.br\/site\/?p=185987"},"modified":"2023-11-08T05:42:34","modified_gmt":"2023-11-08T09:42:34","slug":"lula-diz-que-nao-aceitara-ocupacao-de-israel-em-gaza","status":"publish","type":"post","link":"https:\/\/mspontocom.com.br\/site\/lula-diz-que-nao-aceitara-ocupacao-de-israel-em-gaza\/","title":{"rendered":"Lula diz que n\u00e3o aceitar\u00e1 ocupa\u00e7\u00e3o de Israel em Gaza"},"content":{"rendered":"<p style=\"text-align: justify;\"><img loading=\"lazy\" class=\"alignnone size-full wp-image-185992\" src=\"https:\/\/mspontocom.com.br\/site\/wp-content\/uploads\/2023\/11\/site-lula-diz-que-nao-aceitara-ocupacao-de-israel-em-gaza-lula-hamas-terror.jpg\" alt=\"\" width=\"747\" height=\"418\" srcset=\"https:\/\/mspontocom.com.br\/site\/wp-content\/uploads\/2023\/11\/site-lula-diz-que-nao-aceitara-ocupacao-de-israel-em-gaza-lula-hamas-terror.jpg 747w, https:\/\/mspontocom.com.br\/site\/wp-content\/uploads\/2023\/11\/site-lula-diz-que-nao-aceitara-ocupacao-de-israel-em-gaza-lula-hamas-terror-260x145.jpg 260w\" sizes=\"(max-width: 747px) 100vw, 747px\" \/>O presidente Luiz In\u00e1cio Lula da Silva est\u00e1 muito irritado com a demora de Israel em liberar a sa\u00edda dos brasileiros da Faixa de Gaza.<\/p>\n<p style=\"text-align: justify;\">Mas a ordem no governo \u00e9 n\u00e3o reclamar publicamente, pelo menos enquanto houver expectativa de libera\u00e7\u00e3o da passagem pela fronteira com o Egito.<\/p>\n<p style=\"text-align: justify;\">Se a libera\u00e7\u00e3o n\u00e3o ocorrer nos pr\u00f3ximos dias, a\u00ed sim, o governo brasileiro tomar\u00e1 medidas mais duras contra o governo do primeiro-ministro Benjamin Netanyahu.<\/p>\n<p style=\"text-align: justify;\">Uma decis\u00e3o j\u00e1 est\u00e1 tomada: Lula disse a auxiliares que o Brasil ir\u00e1 se posicionar, nos f\u00f3runs internacionais, frontalmente contr\u00e1rio \u00e0 perman\u00eancia de Israel no territ\u00f3rio da Faixa de Gaza ap\u00f3s o final da guerra.<\/p>\n<p style=\"text-align: justify;\">Netanyahu declarou que Israel estuda manter a ocupa\u00e7\u00e3o militar sobre a Faixa de Gaza por um per\u00edodo indefinido ap\u00f3s a guerra.<\/p>\n<p style=\"text-align: justify;\">O governo Netanyahu n\u00e3o aceitam o fato de o Brasil ter-se posicionado junto \u00e0 Organiza\u00e7\u00e3o das Na\u00e7\u00f5es Unidas (ONU) pelo cessar-fogo em Gaza.<\/p>\n<p style=\"text-align: justify;\">\n<p style=\"text-align: justify;\">Veja mais not\u00edcias em: <a href=\"http:\/\/www.mspontocom.com.br\/\">www.mspontocom.com.br<\/a><\/p>\n<p style=\"text-align: justify;\">Nosso twitter: @mspontocom<\/p>\n<p style=\"text-align: justify;\">\n","protected":false},"excerpt":{"rendered":"<p>O presidente Luiz In\u00e1cio Lula da Silva est\u00e1 muito irritado com a demora de Israel em liberar a sa\u00edda dos brasileiros da Faixa de Gaza. Mas a ordem no governo \u00e9 n\u00e3o reclamar publicamente, pelo menos enquanto houver expectativa de libera\u00e7\u00e3o da passagem pela fronteira com o Egito. Se a libera\u00e7\u00e3o n\u00e3o ocorrer nos pr\u00f3ximos [&hellip;]<\/p>\n","protected":false},"author":2,"featured_media":185992,"comment_status":"open","ping_status":"open","sticky":false,"template":"","format":"standard","meta":{"_monsterinsights_skip_tracking":false,"_monsterinsights_sitenote_active":false,"_monsterinsights_sitenote_note":"","_monsterinsights_sitenote_category":0},"categories":[30260,7,30259,12],"tags":[40288,2203,480,38901],"aioseo_notices":[],"_links":{"self":[{"href":"https:\/\/mspontocom.com.br\/site\/wp-json\/wp\/v2\/posts\/185987"}],"collection":[{"href":"https:\/\/mspontocom.com.br\/site\/wp-json\/wp\/v2\/posts"}],"about":[{"href":"https:\/\/mspontocom.com.br\/site\/wp-json\/wp\/v2\/types\/post"}],"author":[{"embeddable":true,"href":"https:\/\/mspontocom.com.br\/site\/wp-json\/wp\/v2\/users\/2"}],"replies":[{"embeddable":true,"href":"https:\/\/mspontocom.com.br\/site\/wp-json\/wp\/v2\/comments?post=185987"}],"version-history":[{"count":2,"href":"https:\/\/mspontocom.com.br\/site\/wp-json\/wp\/v2\/posts\/185987\/revisions"}],"predecessor-version":[{"id":185993,"href":"https:\/\/mspontocom.com.br\/site\/wp-json\/wp\/v2\/posts\/185987\/revisions\/185993"}],"wp:featuredmedia":[{"embeddable":true,"href":"https:\/\/mspontocom.com.br\/site\/wp-json\/wp\/v2\/media\/185992"}],"wp:attachment":[{"href":"https:\/\/mspontocom.com.br\/site\/wp-json\/wp\/v2\/media?parent=185987"}],"wp:term":[{"taxonomy":"category","embeddable":true,"href":"https:\/\/mspontocom.com.br\/site\/wp-json\/wp\/v2\/categories?post=185987"},{"taxonomy":"post_tag","embeddable":true,"href":"https:\/\/mspontocom.com.br\/site\/wp-json\/wp\/v2\/tags?post=185987"}],"curies":[{"name":"wp","href":"https:\/\/api.w.org\/{rel}","templated":true}]}}