{"id":186021,"date":"2023-11-09T05:56:25","date_gmt":"2023-11-09T09:56:25","guid":{"rendered":"https:\/\/mspontocom.com.br\/site\/?p=186021"},"modified":"2023-11-09T05:56:25","modified_gmt":"2023-11-09T09:56:25","slug":"milei-chama-lula-de-corrupto-e-recusa-encontro-se-eleito","status":"publish","type":"post","link":"https:\/\/mspontocom.com.br\/site\/milei-chama-lula-de-corrupto-e-recusa-encontro-se-eleito\/","title":{"rendered":"Milei chama Lula de corrupto e recusa encontro se eleito"},"content":{"rendered":"<p style=\"text-align: justify;\"><img loading=\"lazy\" class=\"alignnone size-full wp-image-186024\" src=\"https:\/\/mspontocom.com.br\/site\/wp-content\/uploads\/2023\/11\/site-milei-chama-lula-de-corrupto-e-recusa-encontro-se-eleito-milei.jpeg\" alt=\"\" width=\"1024\" height=\"576\" srcset=\"https:\/\/mspontocom.com.br\/site\/wp-content\/uploads\/2023\/11\/site-milei-chama-lula-de-corrupto-e-recusa-encontro-se-eleito-milei.jpeg 1024w, https:\/\/mspontocom.com.br\/site\/wp-content\/uploads\/2023\/11\/site-milei-chama-lula-de-corrupto-e-recusa-encontro-se-eleito-milei-260x146.jpeg 260w, https:\/\/mspontocom.com.br\/site\/wp-content\/uploads\/2023\/11\/site-milei-chama-lula-de-corrupto-e-recusa-encontro-se-eleito-milei-768x432.jpeg 768w\" sizes=\"(max-width: 1024px) 100vw, 1024px\" \/>O candidato \u00e0 presid\u00eancia da Argentina <strong>Javier Milei<\/strong> afirmou nesta que n\u00e3o se reunir\u00e1 com o presidente\u00a0 <strong>Lula<\/strong> caso seja eleito.<\/p>\n<p style=\"text-align: justify;\">Milei que conta com o apoio do ex-presidente <strong>Jair Bolsonaro<\/strong> (PL) em sua campanha presidencial, chamou o petista de \u201ccomunista\u201d e \u201ccorrupto\u201d.<\/p>\n<p style=\"text-align: justify;\">As informa\u00e7\u00f5es s\u00e3o do Clarin.<\/p>\n<p style=\"text-align: justify;\">Ao se referir \u00e0 Lula, o argentino rotulou o presidente brasileiro de <strong>\u201ccomunista\u201d e \u201ccorrupto\u201d e afirmou que \u201cpor isso ele esteve preso\u201d.<\/strong><\/p>\n<p style=\"text-align: justify;\">\u00a0Milei afirmou tamb\u00e9m, em entrevista \u00e0 emissora La Naci\u00f3n+, que o chefe do Executivo brasileiro estava \u201cinterferindo\u201d na campanha e \u201cfinanciando\u201d parte dela.<\/p>\n<p style=\"text-align: justify;\">\n","protected":false},"excerpt":{"rendered":"<p>O candidato \u00e0 presid\u00eancia da Argentina Javier Milei afirmou nesta que n\u00e3o se reunir\u00e1 com o presidente\u00a0 Lula caso seja eleito. Milei que conta com o apoio do ex-presidente Jair Bolsonaro (PL) em sua campanha presidencial, chamou o petista de \u201ccomunista\u201d e \u201ccorrupto\u201d. As informa\u00e7\u00f5es s\u00e3o do Clarin. Ao se referir \u00e0 Lula, o argentino [&hellip;]<\/p>\n","protected":false},"author":2,"featured_media":186024,"comment_status":"open","ping_status":"open","sticky":false,"template":"","format":"standard","meta":{"_monsterinsights_skip_tracking":false,"_monsterinsights_sitenote_active":false,"_monsterinsights_sitenote_note":"","_monsterinsights_sitenote_category":0},"categories":[30260,7,30259,12],"tags":[25207,480,40234],"aioseo_notices":[],"_links":{"self":[{"href":"https:\/\/mspontocom.com.br\/site\/wp-json\/wp\/v2\/posts\/186021"}],"collection":[{"href":"https:\/\/mspontocom.com.br\/site\/wp-json\/wp\/v2\/posts"}],"about":[{"href":"https:\/\/mspontocom.com.br\/site\/wp-json\/wp\/v2\/types\/post"}],"author":[{"embeddable":true,"href":"https:\/\/mspontocom.com.br\/site\/wp-json\/wp\/v2\/users\/2"}],"replies":[{"embeddable":true,"href":"https:\/\/mspontocom.com.br\/site\/wp-json\/wp\/v2\/comments?post=186021"}],"version-history":[{"count":2,"href":"https:\/\/mspontocom.com.br\/site\/wp-json\/wp\/v2\/posts\/186021\/revisions"}],"predecessor-version":[{"id":186025,"href":"https:\/\/mspontocom.com.br\/site\/wp-json\/wp\/v2\/posts\/186021\/revisions\/186025"}],"wp:featuredmedia":[{"embeddable":true,"href":"https:\/\/mspontocom.com.br\/site\/wp-json\/wp\/v2\/media\/186024"}],"wp:attachment":[{"href":"https:\/\/mspontocom.com.br\/site\/wp-json\/wp\/v2\/media?parent=186021"}],"wp:term":[{"taxonomy":"category","embeddable":true,"href":"https:\/\/mspontocom.com.br\/site\/wp-json\/wp\/v2\/categories?post=186021"},{"taxonomy":"post_tag","embeddable":true,"href":"https:\/\/mspontocom.com.br\/site\/wp-json\/wp\/v2\/tags?post=186021"}],"curies":[{"name":"wp","href":"https:\/\/api.w.org\/{rel}","templated":true}]}}