{"id":186051,"date":"2023-11-10T05:38:58","date_gmt":"2023-11-10T09:38:58","guid":{"rendered":"https:\/\/mspontocom.com.br\/site\/?p=186051"},"modified":"2023-11-10T05:38:58","modified_gmt":"2023-11-10T09:38:58","slug":"bolsonaro-intercedeu-por-repatriacao-de-brasileiros-em-gaza","status":"publish","type":"post","link":"https:\/\/mspontocom.com.br\/site\/bolsonaro-intercedeu-por-repatriacao-de-brasileiros-em-gaza\/","title":{"rendered":"Bolsonaro intercedeu por repatria\u00e7\u00e3o de brasileiros em Gaza"},"content":{"rendered":"<p style=\"text-align: justify;\"><img loading=\"lazy\" class=\"alignnone size-full wp-image-186052\" src=\"https:\/\/mspontocom.com.br\/site\/wp-content\/uploads\/2023\/11\/site-bolsonaro-intercedeu-por-repatriacao-de-brasileiros-em-gaza-israel.webp\" alt=\"\" width=\"960\" height=\"640\" srcset=\"https:\/\/mspontocom.com.br\/site\/wp-content\/uploads\/2023\/11\/site-bolsonaro-intercedeu-por-repatriacao-de-brasileiros-em-gaza-israel.webp 960w, https:\/\/mspontocom.com.br\/site\/wp-content\/uploads\/2023\/11\/site-bolsonaro-intercedeu-por-repatriacao-de-brasileiros-em-gaza-israel-260x173.webp 260w, https:\/\/mspontocom.com.br\/site\/wp-content\/uploads\/2023\/11\/site-bolsonaro-intercedeu-por-repatriacao-de-brasileiros-em-gaza-israel-768x512.webp 768w\" sizes=\"(max-width: 960px) 100vw, 960px\" \/><\/p>\n<p style=\"text-align: justify;\">O ex-presidente da rep\u00fablica, <strong>Jair Bolsonaro<\/strong>, deu declara\u00e7\u00e3o \u00e0\u00a0<strong>CNN Brasil<\/strong>, e afirmou que intercedeu junto a Yossi Shelley, assessor do primeiro-ministro israelense <strong>Benjamin Netanyahu<\/strong>, por apoio para a repatria\u00e7\u00e3o de brasileiros mantidos na Faixa de Gaza<\/p>\n<p style=\"text-align: justify;\"><em><span style=\"font-size: 14pt;\">\u201cConversei com o assessor especial do Benjamin Netanyahu e ex-embaixador do Brasil e pedi um apoio para a libera\u00e7\u00e3o dos brasileiros. Yossi me relatou que n\u00e3o h\u00e1 nenhuma medida restritiva, n\u00e3o h\u00e1 nenhum empecilho por parte do governo de Israel. Israel concordou que os brasileiros t\u00eam que sair da regi\u00e3o, seja por Israel ou pelo Egito\u201d,<\/span>\u00a0<\/em>relatou Bolsonaro.<\/p>\n<p style=\"text-align: justify;\">At\u00e9 a \u00faltima quarta-feira (8) nenhum brasileiro havia sido inclu\u00eddo nas seis listas de pessoas liberadas para cruzar para o Egito pela passagem de Rafah, uma demonstra\u00e7\u00e3o de f<strong>racasso das negocia\u00e7\u00f5es do governo Lula.<\/strong><\/p>\n<p style=\"text-align: justify;\">fonte: Deborah Sena, Di\u00e1rio do Poder<\/p>\n<p>Foto: Elaine Menkel<\/p>\n<p style=\"text-align: justify;\">Veja mais not\u00edcias em: <a href=\"http:\/\/www.mspontocom.com.br\/\">www.mspontocom.com.br<\/a><\/p>\n<p style=\"text-align: justify;\">Nosso twitter: @mspontocom<\/p>\n","protected":false},"excerpt":{"rendered":"<p>O ex-presidente da rep\u00fablica, Jair Bolsonaro, deu declara\u00e7\u00e3o \u00e0\u00a0CNN Brasil, e afirmou que intercedeu junto a Yossi Shelley, assessor do primeiro-ministro israelense Benjamin Netanyahu, por apoio para a repatria\u00e7\u00e3o de brasileiros mantidos na Faixa de Gaza \u201cConversei com o assessor especial do Benjamin Netanyahu e ex-embaixador do Brasil e pedi um apoio para a libera\u00e7\u00e3o [&hellip;]<\/p>\n","protected":false},"author":2,"featured_media":186052,"comment_status":"open","ping_status":"open","sticky":false,"template":"","format":"standard","meta":{"_monsterinsights_skip_tracking":false,"_monsterinsights_sitenote_active":false,"_monsterinsights_sitenote_note":"","_monsterinsights_sitenote_category":0},"categories":[30260,7,30259,12],"tags":[40362,21017,359,40288,27800],"aioseo_notices":[],"_links":{"self":[{"href":"https:\/\/mspontocom.com.br\/site\/wp-json\/wp\/v2\/posts\/186051"}],"collection":[{"href":"https:\/\/mspontocom.com.br\/site\/wp-json\/wp\/v2\/posts"}],"about":[{"href":"https:\/\/mspontocom.com.br\/site\/wp-json\/wp\/v2\/types\/post"}],"author":[{"embeddable":true,"href":"https:\/\/mspontocom.com.br\/site\/wp-json\/wp\/v2\/users\/2"}],"replies":[{"embeddable":true,"href":"https:\/\/mspontocom.com.br\/site\/wp-json\/wp\/v2\/comments?post=186051"}],"version-history":[{"count":1,"href":"https:\/\/mspontocom.com.br\/site\/wp-json\/wp\/v2\/posts\/186051\/revisions"}],"predecessor-version":[{"id":186053,"href":"https:\/\/mspontocom.com.br\/site\/wp-json\/wp\/v2\/posts\/186051\/revisions\/186053"}],"wp:featuredmedia":[{"embeddable":true,"href":"https:\/\/mspontocom.com.br\/site\/wp-json\/wp\/v2\/media\/186052"}],"wp:attachment":[{"href":"https:\/\/mspontocom.com.br\/site\/wp-json\/wp\/v2\/media?parent=186051"}],"wp:term":[{"taxonomy":"category","embeddable":true,"href":"https:\/\/mspontocom.com.br\/site\/wp-json\/wp\/v2\/categories?post=186051"},{"taxonomy":"post_tag","embeddable":true,"href":"https:\/\/mspontocom.com.br\/site\/wp-json\/wp\/v2\/tags?post=186051"}],"curies":[{"name":"wp","href":"https:\/\/api.w.org\/{rel}","templated":true}]}}