{"id":186102,"date":"2023-11-13T06:12:32","date_gmt":"2023-11-13T10:12:32","guid":{"rendered":"https:\/\/mspontocom.com.br\/site\/?p=186102"},"modified":"2023-11-13T06:12:32","modified_gmt":"2023-11-13T10:12:32","slug":"moradores-de-gaza-ja-reclamam-de-acoes-do-hamas","status":"publish","type":"post","link":"https:\/\/mspontocom.com.br\/site\/moradores-de-gaza-ja-reclamam-de-acoes-do-hamas\/","title":{"rendered":"Moradores de Gaza j\u00e1 reclamam de a\u00e7\u00f5es do Hamas"},"content":{"rendered":"<p style=\"text-align: justify;\"><img loading=\"lazy\" class=\"alignnone size-full wp-image-186103\" src=\"https:\/\/mspontocom.com.br\/site\/wp-content\/uploads\/2023\/11\/site-moradores-de-gaza-reclamam-de-acoes-do-hamas-gaza.webp\" alt=\"\" width=\"1170\" height=\"700\" srcset=\"https:\/\/mspontocom.com.br\/site\/wp-content\/uploads\/2023\/11\/site-moradores-de-gaza-reclamam-de-acoes-do-hamas-gaza.webp 1170w, https:\/\/mspontocom.com.br\/site\/wp-content\/uploads\/2023\/11\/site-moradores-de-gaza-reclamam-de-acoes-do-hamas-gaza-260x156.webp 260w, https:\/\/mspontocom.com.br\/site\/wp-content\/uploads\/2023\/11\/site-moradores-de-gaza-reclamam-de-acoes-do-hamas-gaza-1024x613.webp 1024w, https:\/\/mspontocom.com.br\/site\/wp-content\/uploads\/2023\/11\/site-moradores-de-gaza-reclamam-de-acoes-do-hamas-gaza-768x459.webp 768w\" sizes=\"(max-width: 1170px) 100vw, 1170px\" \/>Os moradores da Faixa de Gaza est\u00e3o cada vez mais insatisfeitos com as a\u00e7\u00f5es do Hamas.<\/p>\n<p style=\"text-align: justify;\">Residentes da regi\u00e3o t\u00eam manifestado abertamente seu descontentamento com l\u00edderes do grupo terrorista, enquanto caminham pelo corredor humanit\u00e1rio criado pelas For\u00e7as de Defesa de Israel.<\/p>\n<p style=\"text-align: justify;\">A informa\u00e7\u00e3o \u00e9 do canal local<strong> Gaza Report,<\/strong> que acompanha a situa\u00e7\u00e3o no territ\u00f3rio e exibiu os relatos dos palestinos no Twitter\/X.<\/p>\n<p style=\"text-align: justify;\"><span style=\"font-size: 14pt;\"><strong>Enquanto no Brasil&#8230;<\/strong><\/span><\/p>\n<p style=\"text-align: justify;\">Um punhado de militantes de esquerda promoveu neste domingo, 12, uma manifesta\u00e7\u00e3o na Avenida Paulista, em S\u00e3o Paulo, em apoio ao<strong>\u00a0grupo terrorista Hamas<\/strong>.<\/p>\n<p style=\"text-align: justify;\">O ato teve participa\u00e7\u00e3o de militantes do\u00a0<strong>PCO<\/strong>\u00a0e do\u00a0<strong>PSTU<\/strong>, al\u00e9m de centrais sindicais como a CUT e Conlutas.<\/p>\n<p style=\"text-align: justify;\">Veja mais not\u00edcias em: <a href=\"http:\/\/www.mspontocom.com.br\/\">www.mspontocom.com.br<\/a><\/p>\n<p style=\"text-align: justify;\">Nosso twitter: @mspontocom<\/p>\n<p style=\"text-align: justify;\">\n","protected":false},"excerpt":{"rendered":"<p>Os moradores da Faixa de Gaza est\u00e3o cada vez mais insatisfeitos com as a\u00e7\u00f5es do Hamas. Residentes da regi\u00e3o t\u00eam manifestado abertamente seu descontentamento com l\u00edderes do grupo terrorista, enquanto caminham pelo corredor humanit\u00e1rio criado pelas For\u00e7as de Defesa de Israel. A informa\u00e7\u00e3o \u00e9 do canal local Gaza Report, que acompanha a situa\u00e7\u00e3o no territ\u00f3rio [&hellip;]<\/p>\n","protected":false},"author":2,"featured_media":186103,"comment_status":"open","ping_status":"open","sticky":false,"template":"","format":"standard","meta":{"_monsterinsights_skip_tracking":false,"_monsterinsights_sitenote_active":false,"_monsterinsights_sitenote_note":"","_monsterinsights_sitenote_category":0},"categories":[30260,7,30259],"tags":[40246,40369,40370],"aioseo_notices":[],"_links":{"self":[{"href":"https:\/\/mspontocom.com.br\/site\/wp-json\/wp\/v2\/posts\/186102"}],"collection":[{"href":"https:\/\/mspontocom.com.br\/site\/wp-json\/wp\/v2\/posts"}],"about":[{"href":"https:\/\/mspontocom.com.br\/site\/wp-json\/wp\/v2\/types\/post"}],"author":[{"embeddable":true,"href":"https:\/\/mspontocom.com.br\/site\/wp-json\/wp\/v2\/users\/2"}],"replies":[{"embeddable":true,"href":"https:\/\/mspontocom.com.br\/site\/wp-json\/wp\/v2\/comments?post=186102"}],"version-history":[{"count":1,"href":"https:\/\/mspontocom.com.br\/site\/wp-json\/wp\/v2\/posts\/186102\/revisions"}],"predecessor-version":[{"id":186104,"href":"https:\/\/mspontocom.com.br\/site\/wp-json\/wp\/v2\/posts\/186102\/revisions\/186104"}],"wp:featuredmedia":[{"embeddable":true,"href":"https:\/\/mspontocom.com.br\/site\/wp-json\/wp\/v2\/media\/186103"}],"wp:attachment":[{"href":"https:\/\/mspontocom.com.br\/site\/wp-json\/wp\/v2\/media?parent=186102"}],"wp:term":[{"taxonomy":"category","embeddable":true,"href":"https:\/\/mspontocom.com.br\/site\/wp-json\/wp\/v2\/categories?post=186102"},{"taxonomy":"post_tag","embeddable":true,"href":"https:\/\/mspontocom.com.br\/site\/wp-json\/wp\/v2\/tags?post=186102"}],"curies":[{"name":"wp","href":"https:\/\/api.w.org\/{rel}","templated":true}]}}