{"id":186123,"date":"2023-11-14T06:00:29","date_gmt":"2023-11-14T10:00:29","guid":{"rendered":"https:\/\/mspontocom.com.br\/site\/?p=186123"},"modified":"2023-11-14T06:00:29","modified_gmt":"2023-11-14T10:00:29","slug":"lula-diz-que-reacao-de-israel-e-pior-que-o-ataque-terrorista","status":"publish","type":"post","link":"https:\/\/mspontocom.com.br\/site\/lula-diz-que-reacao-de-israel-e-pior-que-o-ataque-terrorista\/","title":{"rendered":"Lula diz que rea\u00e7\u00e3o de Israel \u00e9 pior que o ataque terrorista"},"content":{"rendered":"<p style=\"text-align: justify;\"><img loading=\"lazy\" class=\"alignnone size-full wp-image-186124\" src=\"https:\/\/mspontocom.com.br\/site\/wp-content\/uploads\/2023\/11\/site-lula-d-que-reacao-de-israel-e-pior-que-o-ataque-terrorista-lula-hamas-terror.jpg\" alt=\"\" width=\"747\" height=\"418\" srcset=\"https:\/\/mspontocom.com.br\/site\/wp-content\/uploads\/2023\/11\/site-lula-d-que-reacao-de-israel-e-pior-que-o-ataque-terrorista-lula-hamas-terror.jpg 747w, https:\/\/mspontocom.com.br\/site\/wp-content\/uploads\/2023\/11\/site-lula-d-que-reacao-de-israel-e-pior-que-o-ataque-terrorista-lula-hamas-terror-260x145.jpg 260w\" sizes=\"(max-width: 747px) 100vw, 747px\" \/>O presidente Lula afirmou nesta segunda-feira (13), que a rea\u00e7\u00e3o de Israel na Faixa de Gaza \u00e9 t\u00e3o grave quanto o ataque \u201cterrorista\u201d do Hamas em 7 de outubro que marcou o in\u00edcio do conflito, o Hamas j\u00e1 matou cerca de 1.400 pessoas, sendo mil civis.<\/p>\n<p style=\"text-align: justify;\">Dando cr\u00e9dito a n\u00fameros divulgados pela propaganda terrorista, n\u00e3o conformados por fontes independentes, Lula tamb\u00e9m criticou as milhares de mulheres e crian\u00e7as que foram v\u00edtimas da guerra e comemorou a sa\u00edda do grupo de brasileiro de Gaza.<\/p>\n<p><i>\u201c As consequ\u00eancias da solu\u00e7\u00e3o do Estado de Israel s\u00e3o t\u00e3o graves quanto foram as do Hamas, porque os israelenses est\u00e3o matando inocentes sem nenhum crit\u00e9rio\u201d<\/i>, declarou.<\/p>\n<p style=\"text-align: justify;\">\n","protected":false},"excerpt":{"rendered":"<p>O presidente Lula afirmou nesta segunda-feira (13), que a rea\u00e7\u00e3o de Israel na Faixa de Gaza \u00e9 t\u00e3o grave quanto o ataque \u201cterrorista\u201d do Hamas em 7 de outubro que marcou o in\u00edcio do conflito, o Hamas j\u00e1 matou cerca de 1.400 pessoas, sendo mil civis. Dando cr\u00e9dito a n\u00fameros divulgados pela propaganda terrorista, n\u00e3o [&hellip;]<\/p>\n","protected":false},"author":2,"featured_media":186124,"comment_status":"open","ping_status":"open","sticky":false,"template":"","format":"standard","meta":{"_monsterinsights_skip_tracking":false,"_monsterinsights_sitenote_active":false,"_monsterinsights_sitenote_note":"","_monsterinsights_sitenote_category":0},"categories":[30260,7,30259,12],"tags":[2261,40246,480,37071,40374,24011],"aioseo_notices":[],"_links":{"self":[{"href":"https:\/\/mspontocom.com.br\/site\/wp-json\/wp\/v2\/posts\/186123"}],"collection":[{"href":"https:\/\/mspontocom.com.br\/site\/wp-json\/wp\/v2\/posts"}],"about":[{"href":"https:\/\/mspontocom.com.br\/site\/wp-json\/wp\/v2\/types\/post"}],"author":[{"embeddable":true,"href":"https:\/\/mspontocom.com.br\/site\/wp-json\/wp\/v2\/users\/2"}],"replies":[{"embeddable":true,"href":"https:\/\/mspontocom.com.br\/site\/wp-json\/wp\/v2\/comments?post=186123"}],"version-history":[{"count":1,"href":"https:\/\/mspontocom.com.br\/site\/wp-json\/wp\/v2\/posts\/186123\/revisions"}],"predecessor-version":[{"id":186125,"href":"https:\/\/mspontocom.com.br\/site\/wp-json\/wp\/v2\/posts\/186123\/revisions\/186125"}],"wp:featuredmedia":[{"embeddable":true,"href":"https:\/\/mspontocom.com.br\/site\/wp-json\/wp\/v2\/media\/186124"}],"wp:attachment":[{"href":"https:\/\/mspontocom.com.br\/site\/wp-json\/wp\/v2\/media?parent=186123"}],"wp:term":[{"taxonomy":"category","embeddable":true,"href":"https:\/\/mspontocom.com.br\/site\/wp-json\/wp\/v2\/categories?post=186123"},{"taxonomy":"post_tag","embeddable":true,"href":"https:\/\/mspontocom.com.br\/site\/wp-json\/wp\/v2\/tags?post=186123"}],"curies":[{"name":"wp","href":"https:\/\/api.w.org\/{rel}","templated":true}]}}