{"id":186238,"date":"2023-11-20T05:19:09","date_gmt":"2023-11-20T09:19:09","guid":{"rendered":"https:\/\/mspontocom.com.br\/site\/?p=186238"},"modified":"2023-11-20T05:19:09","modified_gmt":"2023-11-20T09:19:09","slug":"para-66-dos-brasileiros-israel-esta-correto-na-guerra-diz-pesquisa","status":"publish","type":"post","link":"https:\/\/mspontocom.com.br\/site\/para-66-dos-brasileiros-israel-esta-correto-na-guerra-diz-pesquisa\/","title":{"rendered":"Para 66% dos brasileiros, Israel est\u00e1 correto na guerra, diz pesquisa"},"content":{"rendered":"<p style=\"text-align: justify;\"><img loading=\"lazy\" class=\"alignnone size-full wp-image-186239\" src=\"https:\/\/mspontocom.com.br\/site\/wp-content\/uploads\/2023\/11\/site-para-66-dos-brasileiros-israel-esta-correto-na-guerra-diz-pesquisa-israel-e1700471813406.jpg\" alt=\"\" width=\"773\" height=\"556\" srcset=\"https:\/\/mspontocom.com.br\/site\/wp-content\/uploads\/2023\/11\/site-para-66-dos-brasileiros-israel-esta-correto-na-guerra-diz-pesquisa-israel-e1700471813406.jpg 773w, https:\/\/mspontocom.com.br\/site\/wp-content\/uploads\/2023\/11\/site-para-66-dos-brasileiros-israel-esta-correto-na-guerra-diz-pesquisa-israel-e1700471813406-260x187.jpg 260w, https:\/\/mspontocom.com.br\/site\/wp-content\/uploads\/2023\/11\/site-para-66-dos-brasileiros-israel-esta-correto-na-guerra-diz-pesquisa-israel-e1700471813406-768x552.jpg 768w\" sizes=\"(max-width: 773px) 100vw, 773px\" \/>Pesquisa Real Time Big Data\u00a0 mostrou que 66% dos brasileiros dizem que <strong>Israel<\/strong> est\u00e1 correto na guerra.<\/p>\n<p style=\"text-align: justify;\">Outros 18% acreditam que o <strong>Hamas<\/strong> est\u00e1 certo e 16% dizem que nenhum dos 2 tem raz\u00e3o em seguir com a guerra.<\/p>\n<p style=\"text-align: justify;\">Sobre a fala do presidente <strong>Luiz In\u00e1cio Lula da Silva<\/strong> (PT) de que Israel estaria cometendo atos terroristas na Faixa de Gaza, 77% discordam e 23% concordam.<\/p>\n<p style=\"text-align: justify;\">A pesquisa tamb\u00e9m questionou se os brasileiros acreditam que o Brasil deveria classificar o <strong>Hamas como grupo terrorista<\/strong> e 73% disseram que sim. Outros 15% declararam que n\u00e3o e 12% n\u00e3o sabem ou n\u00e3o responderam.<\/p>\n<p style=\"text-align: justify;\">A pesquisa ouviu 2.000 pessoas em 16 e 17 de novembro de 2023 e tem uma margem de erro de 3 pontos percentuais para mais ou para menos.<\/p>\n<p style=\"text-align: justify;\">O n\u00edvel de confian\u00e7a \u00e9 de 95%.<\/p>\n<p>fonte: Poder 360<\/p>\n<p>Veja mais not\u00edcias em: <a href=\"http:\/\/www.mspontocom.com.br\/\">www.mspontocom.com.br<\/a><\/p>\n<p>Nosso twitter: @mspontocom<\/p>\n","protected":false},"excerpt":{"rendered":"<p>Pesquisa Real Time Big Data\u00a0 mostrou que 66% dos brasileiros dizem que Israel est\u00e1 correto na guerra. Outros 18% acreditam que o Hamas est\u00e1 certo e 16% dizem que nenhum dos 2 tem raz\u00e3o em seguir com a guerra. Sobre a fala do presidente Luiz In\u00e1cio Lula da Silva (PT) de que Israel estaria cometendo [&hellip;]<\/p>\n","protected":false},"author":2,"featured_media":186239,"comment_status":"open","ping_status":"open","sticky":false,"template":"","format":"standard","meta":{"_monsterinsights_skip_tracking":false,"_monsterinsights_sitenote_active":false,"_monsterinsights_sitenote_note":"","_monsterinsights_sitenote_category":0},"categories":[6,30260,7,30259],"tags":[359,1026,2203,733],"aioseo_notices":[],"_links":{"self":[{"href":"https:\/\/mspontocom.com.br\/site\/wp-json\/wp\/v2\/posts\/186238"}],"collection":[{"href":"https:\/\/mspontocom.com.br\/site\/wp-json\/wp\/v2\/posts"}],"about":[{"href":"https:\/\/mspontocom.com.br\/site\/wp-json\/wp\/v2\/types\/post"}],"author":[{"embeddable":true,"href":"https:\/\/mspontocom.com.br\/site\/wp-json\/wp\/v2\/users\/2"}],"replies":[{"embeddable":true,"href":"https:\/\/mspontocom.com.br\/site\/wp-json\/wp\/v2\/comments?post=186238"}],"version-history":[{"count":1,"href":"https:\/\/mspontocom.com.br\/site\/wp-json\/wp\/v2\/posts\/186238\/revisions"}],"predecessor-version":[{"id":186240,"href":"https:\/\/mspontocom.com.br\/site\/wp-json\/wp\/v2\/posts\/186238\/revisions\/186240"}],"wp:featuredmedia":[{"embeddable":true,"href":"https:\/\/mspontocom.com.br\/site\/wp-json\/wp\/v2\/media\/186239"}],"wp:attachment":[{"href":"https:\/\/mspontocom.com.br\/site\/wp-json\/wp\/v2\/media?parent=186238"}],"wp:term":[{"taxonomy":"category","embeddable":true,"href":"https:\/\/mspontocom.com.br\/site\/wp-json\/wp\/v2\/categories?post=186238"},{"taxonomy":"post_tag","embeddable":true,"href":"https:\/\/mspontocom.com.br\/site\/wp-json\/wp\/v2\/tags?post=186238"}],"curies":[{"name":"wp","href":"https:\/\/api.w.org\/{rel}","templated":true}]}}