{"id":186325,"date":"2023-11-23T05:25:09","date_gmt":"2023-11-23T09:25:09","guid":{"rendered":"https:\/\/mspontocom.com.br\/site\/?p=186325"},"modified":"2023-11-23T06:03:24","modified_gmt":"2023-11-23T10:03:24","slug":"maioria-e-contra-lula-e-a-favor-de-israel-diz-pesquisa","status":"publish","type":"post","link":"https:\/\/mspontocom.com.br\/site\/maioria-e-contra-lula-e-a-favor-de-israel-diz-pesquisa\/","title":{"rendered":"Maioria \u00e9 contra Lula e a favor de Israel, diz pesquisa"},"content":{"rendered":"<p style=\"text-align: justify;\"><img loading=\"lazy\" class=\"alignnone size-full wp-image-186326\" src=\"https:\/\/mspontocom.com.br\/site\/wp-content\/uploads\/2023\/11\/site-maioria-dos-brasileiros-e-contra-lula-e-a-favor-de-israel-diz-pesquisa-lula-hamas-terror.jpg\" alt=\"\" width=\"747\" height=\"418\" srcset=\"https:\/\/mspontocom.com.br\/site\/wp-content\/uploads\/2023\/11\/site-maioria-dos-brasileiros-e-contra-lula-e-a-favor-de-israel-diz-pesquisa-lula-hamas-terror.jpg 747w, https:\/\/mspontocom.com.br\/site\/wp-content\/uploads\/2023\/11\/site-maioria-dos-brasileiros-e-contra-lula-e-a-favor-de-israel-diz-pesquisa-lula-hamas-terror-260x145.jpg 260w\" sizes=\"(max-width: 747px) 100vw, 747px\" \/>O instituto de pesquisa AtlasIntel levantou a opini\u00e3o dos brasileiros sobre a <strong>pol\u00edtica externa do governo Lula\u00a0<\/strong>incluindo o seu posicionamento sobre a guerra entre <strong>Israel<\/strong> e o grupo terrorista <strong>Hamas<\/strong>.<\/p>\n<p style=\"text-align: justify;\"><em>O estudo foi divulgado nesta quarta-feira, 22 de novembro.<\/em><\/p>\n<p style=\"text-align: justify;\"><em>Segundo 43,4% dos entrevistados, o Brasil adotou uma postura \u201cmais favor\u00e1vel ao Hamas do que deveria\u201d.<\/em><\/p>\n<p style=\"text-align: justify;\">Outros 36,3% afirmaram que o posicionamento foi correto; 11,3%, que foi \u201cmais favor\u00e1vel a Israel\u201d e 9,1% n\u00e3o soube responder.<\/p>\n<p style=\"text-align: justify;\"><em>A AtlasIntel tamb\u00e9m coletou a opini\u00e3o geral dos entrevistados sobre o conflito na Palestina.<\/em><\/p>\n<p style=\"text-align: justify;\"><em>Quase 60% acredita que o Hamas \u201ctem culpa maior\u201d pela guerra; quase 20% falam que os dois lados s\u00e3o t\u00e3o culpados; e 12,5% atribuem a maior responsabilidade a Israel. Os restantes 10% n\u00e3o souberam responder.<\/em><\/p>\n<p style=\"text-align: justify;\">Veja mais not\u00edcias em: <a href=\"http:\/\/www.mspontocom.com.br\/\">www.mspontocom.com.br<\/a><\/p>\n<p style=\"text-align: justify;\">Nosso twitter: @mspontocom<\/p>\n","protected":false},"excerpt":{"rendered":"<p>O instituto de pesquisa AtlasIntel levantou a opini\u00e3o dos brasileiros sobre a pol\u00edtica externa do governo Lula\u00a0incluindo o seu posicionamento sobre a guerra entre Israel e o grupo terrorista Hamas. O estudo foi divulgado nesta quarta-feira, 22 de novembro. Segundo 43,4% dos entrevistados, o Brasil adotou uma postura \u201cmais favor\u00e1vel ao Hamas do que deveria\u201d. [&hellip;]<\/p>\n","protected":false},"author":2,"featured_media":186326,"comment_status":"open","ping_status":"open","sticky":false,"template":"","format":"standard","meta":{"_monsterinsights_skip_tracking":false,"_monsterinsights_sitenote_active":false,"_monsterinsights_sitenote_note":"","_monsterinsights_sitenote_category":0},"categories":[30260,7,30259,12],"tags":[359,1026,40246,2203,480,733],"aioseo_notices":[],"_links":{"self":[{"href":"https:\/\/mspontocom.com.br\/site\/wp-json\/wp\/v2\/posts\/186325"}],"collection":[{"href":"https:\/\/mspontocom.com.br\/site\/wp-json\/wp\/v2\/posts"}],"about":[{"href":"https:\/\/mspontocom.com.br\/site\/wp-json\/wp\/v2\/types\/post"}],"author":[{"embeddable":true,"href":"https:\/\/mspontocom.com.br\/site\/wp-json\/wp\/v2\/users\/2"}],"replies":[{"embeddable":true,"href":"https:\/\/mspontocom.com.br\/site\/wp-json\/wp\/v2\/comments?post=186325"}],"version-history":[{"count":2,"href":"https:\/\/mspontocom.com.br\/site\/wp-json\/wp\/v2\/posts\/186325\/revisions"}],"predecessor-version":[{"id":186328,"href":"https:\/\/mspontocom.com.br\/site\/wp-json\/wp\/v2\/posts\/186325\/revisions\/186328"}],"wp:featuredmedia":[{"embeddable":true,"href":"https:\/\/mspontocom.com.br\/site\/wp-json\/wp\/v2\/media\/186326"}],"wp:attachment":[{"href":"https:\/\/mspontocom.com.br\/site\/wp-json\/wp\/v2\/media?parent=186325"}],"wp:term":[{"taxonomy":"category","embeddable":true,"href":"https:\/\/mspontocom.com.br\/site\/wp-json\/wp\/v2\/categories?post=186325"},{"taxonomy":"post_tag","embeddable":true,"href":"https:\/\/mspontocom.com.br\/site\/wp-json\/wp\/v2\/tags?post=186325"}],"curies":[{"name":"wp","href":"https:\/\/api.w.org\/{rel}","templated":true}]}}