{"id":186627,"date":"2023-12-06T07:26:14","date_gmt":"2023-12-06T11:26:14","guid":{"rendered":"https:\/\/mspontocom.com.br\/site\/?p=186627"},"modified":"2023-12-06T07:26:14","modified_gmt":"2023-12-06T11:26:14","slug":"israel-poe-brasil-em-lista-de-risco-de-ataques-terroristas","status":"publish","type":"post","link":"https:\/\/mspontocom.com.br\/site\/israel-poe-brasil-em-lista-de-risco-de-ataques-terroristas\/","title":{"rendered":"Israel p\u00f5e Brasil em lista de risco de ataques terroristas"},"content":{"rendered":"<p style=\"text-align: justify;\"><img loading=\"lazy\" class=\"alignnone size-full wp-image-186644\" src=\"https:\/\/mspontocom.com.br\/site\/wp-content\/uploads\/2023\/12\/site-israel-insere-brasil-em-lista-de-risco-de-ataques-terroristas-israel.webp\" alt=\"\" width=\"883\" height=\"460\" srcset=\"https:\/\/mspontocom.com.br\/site\/wp-content\/uploads\/2023\/12\/site-israel-insere-brasil-em-lista-de-risco-de-ataques-terroristas-israel.webp 883w, https:\/\/mspontocom.com.br\/site\/wp-content\/uploads\/2023\/12\/site-israel-insere-brasil-em-lista-de-risco-de-ataques-terroristas-israel-260x135.webp 260w, https:\/\/mspontocom.com.br\/site\/wp-content\/uploads\/2023\/12\/site-israel-insere-brasil-em-lista-de-risco-de-ataques-terroristas-israel-768x400.webp 768w\" sizes=\"(max-width: 883px) 100vw, 883px\" \/>O governo de Israel divulgou um novo alerta de viagem para os cidad\u00e3os israelenses e judeus.<\/p>\n<p style=\"text-align: justify;\">A lista atualizada de pa\u00edses com possibilidades de ataques terroristas aponta 80 lugares.<\/p>\n<p style=\"text-align: justify;\">O Brasil e a Argentina foram inclu\u00eddos.<\/p>\n<p style=\"text-align: justify;\">As na\u00e7\u00f5es est\u00e3o relacionadas em diferentes n\u00edveis de perigo.<\/p>\n<p style=\"text-align: justify;\">Segundo o Conselho de Seguran\u00e7a Nacional de Israel, os ataques \u201cpodem ser patrocinados pelo Ir\u00e3 com o objetivo de prejudicar alvos judaicos em todo mundo\u201d.<\/p>\n<p style=\"text-align: justify;\">Quase toda a Europa Ocidental e a Am\u00e9rica do Sul aparecem na lista de alvos, como por exemplo a Austr\u00e1lia, R\u00fassia, \u00c1frica e \u00c1sia Central. A Europa Ocidental, incluindo Reino Unido, Fran\u00e7a e a Alemanha junto com a Am\u00e9rica do Sul, sendo Brasil e a Argentina, assim como Austr\u00e1lia e R\u00fassia foram elevadas para o n\u00edvel 2.<\/p>\n<p style=\"text-align: justify;\">O texto aconselha aos israelenses que adotem \u201cprecau\u00e7\u00f5es adicionais\u201d ao viajar para esses pa\u00edses.<\/p>\n<p style=\"text-align: justify;\">\n<p style=\"text-align: justify;\">fonte; Danyelle Silva, Di\u00e1rio do Poder<\/p>\n<p style=\"text-align: justify;\">Veja mais not\u00edcias em: <a href=\"http:\/\/www.mspontocom.com.br\/\">www.mspontocom.com.br<\/a><\/p>\n<p style=\"text-align: justify;\">Nosso twitter: @mspontocom<\/p>\n<p style=\"text-align: justify;\">\n","protected":false},"excerpt":{"rendered":"<p>O governo de Israel divulgou um novo alerta de viagem para os cidad\u00e3os israelenses e judeus. A lista atualizada de pa\u00edses com possibilidades de ataques terroristas aponta 80 lugares. O Brasil e a Argentina foram inclu\u00eddos. As na\u00e7\u00f5es est\u00e3o relacionadas em diferentes n\u00edveis de perigo. Segundo o Conselho de Seguran\u00e7a Nacional de Israel, os ataques [&hellip;]<\/p>\n","protected":false},"author":2,"featured_media":186644,"comment_status":"open","ping_status":"open","sticky":false,"template":"","format":"standard","meta":{"_monsterinsights_skip_tracking":false,"_monsterinsights_sitenote_active":false,"_monsterinsights_sitenote_note":"","_monsterinsights_sitenote_category":0},"categories":[7],"tags":[40465,2203,2322,21889],"aioseo_notices":[],"_links":{"self":[{"href":"https:\/\/mspontocom.com.br\/site\/wp-json\/wp\/v2\/posts\/186627"}],"collection":[{"href":"https:\/\/mspontocom.com.br\/site\/wp-json\/wp\/v2\/posts"}],"about":[{"href":"https:\/\/mspontocom.com.br\/site\/wp-json\/wp\/v2\/types\/post"}],"author":[{"embeddable":true,"href":"https:\/\/mspontocom.com.br\/site\/wp-json\/wp\/v2\/users\/2"}],"replies":[{"embeddable":true,"href":"https:\/\/mspontocom.com.br\/site\/wp-json\/wp\/v2\/comments?post=186627"}],"version-history":[{"count":2,"href":"https:\/\/mspontocom.com.br\/site\/wp-json\/wp\/v2\/posts\/186627\/revisions"}],"predecessor-version":[{"id":186645,"href":"https:\/\/mspontocom.com.br\/site\/wp-json\/wp\/v2\/posts\/186627\/revisions\/186645"}],"wp:featuredmedia":[{"embeddable":true,"href":"https:\/\/mspontocom.com.br\/site\/wp-json\/wp\/v2\/media\/186644"}],"wp:attachment":[{"href":"https:\/\/mspontocom.com.br\/site\/wp-json\/wp\/v2\/media?parent=186627"}],"wp:term":[{"taxonomy":"category","embeddable":true,"href":"https:\/\/mspontocom.com.br\/site\/wp-json\/wp\/v2\/categories?post=186627"},{"taxonomy":"post_tag","embeddable":true,"href":"https:\/\/mspontocom.com.br\/site\/wp-json\/wp\/v2\/tags?post=186627"}],"curies":[{"name":"wp","href":"https:\/\/api.w.org\/{rel}","templated":true}]}}