{"id":186713,"date":"2023-12-10T07:23:18","date_gmt":"2023-12-10T11:23:18","guid":{"rendered":"https:\/\/mspontocom.com.br\/site\/?p=186713"},"modified":"2023-12-10T07:23:18","modified_gmt":"2023-12-10T11:23:18","slug":"jornais-argentinos-dao-destaque-a-bolsonaro-no-pais","status":"publish","type":"post","link":"https:\/\/mspontocom.com.br\/site\/jornais-argentinos-dao-destaque-a-bolsonaro-no-pais\/","title":{"rendered":"Jornais argentinos d\u00e3o destaque a Bolsonaro no pa\u00eds"},"content":{"rendered":"<p style=\"text-align: justify;\"><img loading=\"lazy\" class=\"alignnone size-full wp-image-186714\" src=\"https:\/\/mspontocom.com.br\/site\/wp-content\/uploads\/2023\/12\/site-clarin-9dez2023-e1702207224964.png\" alt=\"\" width=\"931\" height=\"915\" srcset=\"https:\/\/mspontocom.com.br\/site\/wp-content\/uploads\/2023\/12\/site-clarin-9dez2023-e1702207224964.png 931w, https:\/\/mspontocom.com.br\/site\/wp-content\/uploads\/2023\/12\/site-clarin-9dez2023-e1702207224964-260x256.png 260w, https:\/\/mspontocom.com.br\/site\/wp-content\/uploads\/2023\/12\/site-clarin-9dez2023-e1702207224964-768x755.png 768w\" sizes=\"(max-width: 931px) 100vw, 931px\" \/>Os principais jornais da Argentina deram destaque \u00e0 ida do ex-presidente Jair Bolsonaro (PL) a Buenos Aires para a posse do presidente eleito, Javier Milei.<\/p>\n<p style=\"text-align: justify;\">O La Naci\u00f3n noticiou a reuni\u00e3o\u00a0 entre Bolsonaro, sua comitiva \u2013formada por 50 pessoas\u2013 e Milei.<\/p>\n<p style=\"text-align: justify;\">Segundo o jornal, eles conversaram sobre a hiperinfla\u00e7\u00e3o que afeta a Argentina e fizeram cr\u00edticas ao presidente Luiz In\u00e1cio Lula da Silva (PT).<\/p>\n<p>J\u00e1 o Clar\u00edn colocou na capa do jornal uma foto do ex-presidente caminhando com sua comitiva pelas ruas do centro de Buenos Aires.<\/p>\n<p style=\"text-align: justify;\">Em p\u00e1gina interna, destacou declara\u00e7\u00f5es de Bolsonaro sobre a situa\u00e7\u00e3o da economia argentina e a import\u00e2ncia global da Presid\u00eancia de Milei.<\/p>\n<p style=\"text-align: justify;\">\n<p style=\"text-align: justify;\">fonte e foto: Poder 360<\/p>\n","protected":false},"excerpt":{"rendered":"<p>Os principais jornais da Argentina deram destaque \u00e0 ida do ex-presidente Jair Bolsonaro (PL) a Buenos Aires para a posse do presidente eleito, Javier Milei. O La Naci\u00f3n noticiou a reuni\u00e3o\u00a0 entre Bolsonaro, sua comitiva \u2013formada por 50 pessoas\u2013 e Milei. Segundo o jornal, eles conversaram sobre a hiperinfla\u00e7\u00e3o que afeta a Argentina e fizeram [&hellip;]<\/p>\n","protected":false},"author":2,"featured_media":186714,"comment_status":"open","ping_status":"open","sticky":false,"template":"","format":"standard","meta":{"_monsterinsights_skip_tracking":false,"_monsterinsights_sitenote_active":false,"_monsterinsights_sitenote_note":"","_monsterinsights_sitenote_category":0},"categories":[7,30259,12],"tags":[21017,40483,40482],"aioseo_notices":[],"_links":{"self":[{"href":"https:\/\/mspontocom.com.br\/site\/wp-json\/wp\/v2\/posts\/186713"}],"collection":[{"href":"https:\/\/mspontocom.com.br\/site\/wp-json\/wp\/v2\/posts"}],"about":[{"href":"https:\/\/mspontocom.com.br\/site\/wp-json\/wp\/v2\/types\/post"}],"author":[{"embeddable":true,"href":"https:\/\/mspontocom.com.br\/site\/wp-json\/wp\/v2\/users\/2"}],"replies":[{"embeddable":true,"href":"https:\/\/mspontocom.com.br\/site\/wp-json\/wp\/v2\/comments?post=186713"}],"version-history":[{"count":1,"href":"https:\/\/mspontocom.com.br\/site\/wp-json\/wp\/v2\/posts\/186713\/revisions"}],"predecessor-version":[{"id":186715,"href":"https:\/\/mspontocom.com.br\/site\/wp-json\/wp\/v2\/posts\/186713\/revisions\/186715"}],"wp:featuredmedia":[{"embeddable":true,"href":"https:\/\/mspontocom.com.br\/site\/wp-json\/wp\/v2\/media\/186714"}],"wp:attachment":[{"href":"https:\/\/mspontocom.com.br\/site\/wp-json\/wp\/v2\/media?parent=186713"}],"wp:term":[{"taxonomy":"category","embeddable":true,"href":"https:\/\/mspontocom.com.br\/site\/wp-json\/wp\/v2\/categories?post=186713"},{"taxonomy":"post_tag","embeddable":true,"href":"https:\/\/mspontocom.com.br\/site\/wp-json\/wp\/v2\/tags?post=186713"}],"curies":[{"name":"wp","href":"https:\/\/api.w.org\/{rel}","templated":true}]}}