{"id":187191,"date":"2024-01-03T05:55:34","date_gmt":"2024-01-03T09:55:34","guid":{"rendered":"https:\/\/mspontocom.com.br\/site\/?p=187191"},"modified":"2024-01-03T05:55:34","modified_gmt":"2024-01-03T09:55:34","slug":"bolsonaro-convoca-brasileiros-em-portugal-a-votar-na-direita","status":"publish","type":"post","link":"https:\/\/mspontocom.com.br\/site\/bolsonaro-convoca-brasileiros-em-portugal-a-votar-na-direita\/","title":{"rendered":"Bolsonaro convoca brasileiros em Portugal a votar na direita"},"content":{"rendered":"<p style=\"text-align: justify;\"><img loading=\"lazy\" class=\"alignnone size-full wp-image-187193\" src=\"https:\/\/mspontocom.com.br\/site\/wp-content\/uploads\/2024\/01\/site-bolsonaro-convoca-brasileiros-em-portugal-a-votar-na-direita-chega.jpg\" alt=\"\" width=\"675\" height=\"450\" srcset=\"https:\/\/mspontocom.com.br\/site\/wp-content\/uploads\/2024\/01\/site-bolsonaro-convoca-brasileiros-em-portugal-a-votar-na-direita-chega.jpg 675w, https:\/\/mspontocom.com.br\/site\/wp-content\/uploads\/2024\/01\/site-bolsonaro-convoca-brasileiros-em-portugal-a-votar-na-direita-chega-260x173.jpg 260w\" sizes=\"(max-width: 675px) 100vw, 675px\" \/>O ex-presidente <strong>Jair Bolsonaro<\/strong> agora \u00e9 cabo eleitoral do <strong>Chega!, o partido de direita<\/strong> conservadora de Portugal.<\/p>\n<p style=\"text-align: justify;\">Bolsonaro gravou um v\u00eddeo pedindo votos \u00e0 chapa de Andr\u00e9 Ventura (na foto \u00e0 direita), o l\u00edder do movimento, nas pr\u00f3ximas elei\u00e7\u00f5es parlamentares do pa\u00eds \u2013 programadas para o dia 10 de mar\u00e7o.<\/p>\n<p class=\"two display\" style=\"text-align: justify;\"><span style=\"font-size: 14pt;\"><em>\u201cMuito importante para todos n\u00f3s que Andr\u00e9 Ventura, do Chega!, consiga essa cadeira de primeiro-ministro\u201d<\/em>, disse Bolsonaro.\u00a0<em>\u201c\u00c9 a direita, o conservadorismo, e as pessoas de bem.\u201d<\/em><\/span><\/p>\n<p style=\"text-align: justify;\"><strong>O ex-presidente brasileiro apela \u00e0 comunidade de cerca de 360 mil brasileiros em Portugal para que se engaje na campanha do Chega.<\/strong><\/p>\n<p style=\"text-align: justify;\">O Chega segue em constante crescimento.<\/p>\n<p style=\"text-align: justify;\">Se nas elei\u00e7\u00f5es passadas a legenda teve 7,2% dos votos, o partido pode terminar com cerca de 15% dos votos nesta elei\u00e7\u00e3o, consolidando-se como a terceira for\u00e7a no pa\u00eds.<\/p>\n<p style=\"text-align: justify;\">Veja mais not\u00edcias em: <a href=\"http:\/\/www.mspontocom.com.br\/\">www.mspontocom.com.br<\/a><\/p>\n<p style=\"text-align: justify;\">Nosso twitter: @mspontocom<\/p>\n","protected":false},"excerpt":{"rendered":"<p>O ex-presidente Jair Bolsonaro agora \u00e9 cabo eleitoral do Chega!, o partido de direita conservadora de Portugal. Bolsonaro gravou um v\u00eddeo pedindo votos \u00e0 chapa de Andr\u00e9 Ventura (na foto \u00e0 direita), o l\u00edder do movimento, nas pr\u00f3ximas elei\u00e7\u00f5es parlamentares do pa\u00eds \u2013 programadas para o dia 10 de mar\u00e7o. \u201cMuito importante para todos n\u00f3s [&hellip;]<\/p>\n","protected":false},"author":2,"featured_media":187193,"comment_status":"open","ping_status":"open","sticky":false,"template":"","format":"standard","meta":{"_monsterinsights_skip_tracking":false,"_monsterinsights_sitenote_active":false,"_monsterinsights_sitenote_note":"","_monsterinsights_sitenote_category":0},"categories":[30260,7,30259,12],"tags":[39028,21017,24557,32323,40568,339,4002],"aioseo_notices":[],"_links":{"self":[{"href":"https:\/\/mspontocom.com.br\/site\/wp-json\/wp\/v2\/posts\/187191"}],"collection":[{"href":"https:\/\/mspontocom.com.br\/site\/wp-json\/wp\/v2\/posts"}],"about":[{"href":"https:\/\/mspontocom.com.br\/site\/wp-json\/wp\/v2\/types\/post"}],"author":[{"embeddable":true,"href":"https:\/\/mspontocom.com.br\/site\/wp-json\/wp\/v2\/users\/2"}],"replies":[{"embeddable":true,"href":"https:\/\/mspontocom.com.br\/site\/wp-json\/wp\/v2\/comments?post=187191"}],"version-history":[{"count":2,"href":"https:\/\/mspontocom.com.br\/site\/wp-json\/wp\/v2\/posts\/187191\/revisions"}],"predecessor-version":[{"id":187194,"href":"https:\/\/mspontocom.com.br\/site\/wp-json\/wp\/v2\/posts\/187191\/revisions\/187194"}],"wp:featuredmedia":[{"embeddable":true,"href":"https:\/\/mspontocom.com.br\/site\/wp-json\/wp\/v2\/media\/187193"}],"wp:attachment":[{"href":"https:\/\/mspontocom.com.br\/site\/wp-json\/wp\/v2\/media?parent=187191"}],"wp:term":[{"taxonomy":"category","embeddable":true,"href":"https:\/\/mspontocom.com.br\/site\/wp-json\/wp\/v2\/categories?post=187191"},{"taxonomy":"post_tag","embeddable":true,"href":"https:\/\/mspontocom.com.br\/site\/wp-json\/wp\/v2\/tags?post=187191"}],"curies":[{"name":"wp","href":"https:\/\/api.w.org\/{rel}","templated":true}]}}