{"id":188401,"date":"2024-02-19T06:07:19","date_gmt":"2024-02-19T10:07:19","guid":{"rendered":"https:\/\/mspontocom.com.br\/site\/?p=188401"},"modified":"2024-02-19T06:07:19","modified_gmt":"2024-02-19T10:07:19","slug":"terroristas-do-hamas-agradecem-lula-por-ataque-a-israel","status":"publish","type":"post","link":"https:\/\/mspontocom.com.br\/site\/terroristas-do-hamas-agradecem-lula-por-ataque-a-israel\/","title":{"rendered":"Terroristas do hamas agradecem Lula por ataque a Israel"},"content":{"rendered":"<p>&nbsp;<\/p>\n<p style=\"text-align: justify;\"><img loading=\"lazy\" class=\"alignnone size-full wp-image-188409\" src=\"https:\/\/mspontocom.com.br\/site\/wp-content\/uploads\/2024\/02\/site-terroristas-do-hamas-agradecem-lula-por-ataque-a-israel-lula-hamas-terror.jpg\" alt=\"\" width=\"747\" height=\"418\" srcset=\"https:\/\/mspontocom.com.br\/site\/wp-content\/uploads\/2024\/02\/site-terroristas-do-hamas-agradecem-lula-por-ataque-a-israel-lula-hamas-terror.jpg 747w, https:\/\/mspontocom.com.br\/site\/wp-content\/uploads\/2024\/02\/site-terroristas-do-hamas-agradecem-lula-por-ataque-a-israel-lula-hamas-terror-260x145.jpg 260w\" sizes=\"(max-width: 747px) 100vw, 747px\" \/>O grupo terrorista\u00a0<strong>Hamas agradeceu ao presidente Lula<\/strong> por sua declara\u00e7\u00e3o comparando as opera\u00e7\u00f5es militares de Israel na Faixa de Gaza ao Holocausto<\/p>\n<p style=\"text-align: justify;\"><span style=\"font-size: 14pt;\"><em>N\u00f3s, do Movimento de Resist\u00eancia Isl\u00e2mica (Hamas) agradecemos a declara\u00e7\u00e3o do presidente brasileiro Lula da Silva, que descreveu aquilo a que nosso povo palestino est\u00e1 exposto na Faixa de Gaza como um Holocausto. A a\u00e7\u00e3o dos sionistas hoje em Gaza \u00e9 a mesma que\u00a0<strong>Hitler fez contra os judeus durante a Segunda Guerra Mundial<\/strong>.\u201d<\/em><\/span><\/p>\n<p style=\"text-align: justify;\">Lula e seu entorno costumam\u00a0relativizar os ataques do Hamas\u00a0e nunca classificaram o grupo como terrorista.<\/p>\n<p style=\"text-align: justify;\">A rec\u00edproca \u00e9 verdadeira. Em outubro de 2022, o\u00a0<a href=\"https:\/\/crusoe.com.br\/diario\/terrorista-hamas-parabeniza-lula-lutador-pela-liberdade\/\">Hamas parabenizou o \u201clutador pela liberdade\u201d Lula por sua vit\u00f3ria na elei\u00e7\u00e3o presidencial<\/a>.<\/p>\n","protected":false},"excerpt":{"rendered":"<p>&nbsp; O grupo terrorista\u00a0Hamas agradeceu ao presidente Lula por sua declara\u00e7\u00e3o comparando as opera\u00e7\u00f5es militares de Israel na Faixa de Gaza ao Holocausto N\u00f3s, do Movimento de Resist\u00eancia Isl\u00e2mica (Hamas) agradecemos a declara\u00e7\u00e3o do presidente brasileiro Lula da Silva, que descreveu aquilo a que nosso povo palestino est\u00e1 exposto na Faixa de Gaza como um [&hellip;]<\/p>\n","protected":false},"author":2,"featured_media":188409,"comment_status":"open","ping_status":"open","sticky":false,"template":"","format":"standard","meta":{"_monsterinsights_skip_tracking":false,"_monsterinsights_sitenote_active":false,"_monsterinsights_sitenote_note":"","_monsterinsights_sitenote_category":0},"categories":[30260,7,30259,12],"tags":[40790,2261,40246,2203,40789],"aioseo_notices":[],"_links":{"self":[{"href":"https:\/\/mspontocom.com.br\/site\/wp-json\/wp\/v2\/posts\/188401"}],"collection":[{"href":"https:\/\/mspontocom.com.br\/site\/wp-json\/wp\/v2\/posts"}],"about":[{"href":"https:\/\/mspontocom.com.br\/site\/wp-json\/wp\/v2\/types\/post"}],"author":[{"embeddable":true,"href":"https:\/\/mspontocom.com.br\/site\/wp-json\/wp\/v2\/users\/2"}],"replies":[{"embeddable":true,"href":"https:\/\/mspontocom.com.br\/site\/wp-json\/wp\/v2\/comments?post=188401"}],"version-history":[{"count":2,"href":"https:\/\/mspontocom.com.br\/site\/wp-json\/wp\/v2\/posts\/188401\/revisions"}],"predecessor-version":[{"id":188410,"href":"https:\/\/mspontocom.com.br\/site\/wp-json\/wp\/v2\/posts\/188401\/revisions\/188410"}],"wp:featuredmedia":[{"embeddable":true,"href":"https:\/\/mspontocom.com.br\/site\/wp-json\/wp\/v2\/media\/188409"}],"wp:attachment":[{"href":"https:\/\/mspontocom.com.br\/site\/wp-json\/wp\/v2\/media?parent=188401"}],"wp:term":[{"taxonomy":"category","embeddable":true,"href":"https:\/\/mspontocom.com.br\/site\/wp-json\/wp\/v2\/categories?post=188401"},{"taxonomy":"post_tag","embeddable":true,"href":"https:\/\/mspontocom.com.br\/site\/wp-json\/wp\/v2\/tags?post=188401"}],"curies":[{"name":"wp","href":"https:\/\/api.w.org\/{rel}","templated":true}]}}