{"id":188403,"date":"2024-02-19T06:13:53","date_gmt":"2024-02-19T10:13:53","guid":{"rendered":"https:\/\/mspontocom.com.br\/site\/?p=188403"},"modified":"2024-02-19T06:13:53","modified_gmt":"2024-02-19T10:13:53","slug":"netanyahu-lula-devia-ter-vergonha-de-si-mesmo","status":"publish","type":"post","link":"https:\/\/mspontocom.com.br\/site\/netanyahu-lula-devia-ter-vergonha-de-si-mesmo\/","title":{"rendered":"Netanyahu: \u2018Lula devia ter vergonha de si mesmo\u2019"},"content":{"rendered":"<p style=\"text-align: justify;\"><img loading=\"lazy\" class=\"alignnone size-full wp-image-188411\" src=\"https:\/\/mspontocom.com.br\/site\/wp-content\/uploads\/2024\/02\/site-netanyahu-lula-devia-ter-vergonha-de-si-mesmo-bibi1.jpg\" alt=\"\" width=\"600\" height=\"400\" srcset=\"https:\/\/mspontocom.com.br\/site\/wp-content\/uploads\/2024\/02\/site-netanyahu-lula-devia-ter-vergonha-de-si-mesmo-bibi1.jpg 600w, https:\/\/mspontocom.com.br\/site\/wp-content\/uploads\/2024\/02\/site-netanyahu-lula-devia-ter-vergonha-de-si-mesmo-bibi1-260x173.jpg 260w\" sizes=\"(max-width: 600px) 100vw, 600px\" \/><\/p>\n<p style=\"text-align: justify;\">A rea\u00e7\u00e3o do primeiro-ministro de Israel, <strong>Benjamin Netanyahu,<\/strong> \u00e0 fala do presidente <strong>Lula<\/strong>, que comparou a resposta b\u00e9lica de Israel contra o grupo terrorista Hamas \u00e0s a\u00e7\u00f5es de <strong>Hitler e ao Holocausto,<\/strong> ganhou mais \u00eanfase durante a Confer\u00eancia dos Presidentes das Principais Organiza\u00e7\u00f5es Judaicas Americanas.<\/p>\n<p style=\"text-align: justify;\">Netanyahu afirmou que Lula portou-se como o <em>\u2018antissemita mais virulento\u2019<\/em>\u00a0e que os petista deve<strong>\u00a0<em>\u2018ter vergonha de si mesmo\u2019.<\/em><\/strong><\/p>\n<p style=\"text-align: justify;\"><em><span style=\"font-size: 14pt;\">&#8220;O presidente do Brasil, comparou a guerra de Israel em Gaza contra o Hamas \u2013 uma organiza\u00e7\u00e3o terrorista e genocida \u2013 ao Holocausto. O presidente Silva desonrou a mem\u00f3ria de 6 milh\u00f5es de judeus assassinados pelos nazistas. E demonizou o estado judeu como o antissemita mais virulento. Ele deveria ter vergonha de si mesmo\u201d<\/span>,<\/em>\u00a0afirmou Netanyahu, sendo aplaudido.<\/p>\n<p style=\"text-align: justify;\">Veja mais not\u00edcias em: <a href=\"http:\/\/www.mspontocom.com.br\/\">www.mspontocom.com.br<\/a><\/p>\n<p style=\"text-align: justify;\">Nosso twitter: @mspontocom<\/p>\n<p>&nbsp;<\/p>\n<p>&nbsp;<\/p>\n<p>&nbsp;<\/p>\n","protected":false},"excerpt":{"rendered":"<p>A rea\u00e7\u00e3o do primeiro-ministro de Israel, Benjamin Netanyahu, \u00e0 fala do presidente Lula, que comparou a resposta b\u00e9lica de Israel contra o grupo terrorista Hamas \u00e0s a\u00e7\u00f5es de Hitler e ao Holocausto, ganhou mais \u00eanfase durante a Confer\u00eancia dos Presidentes das Principais Organiza\u00e7\u00f5es Judaicas Americanas. Netanyahu afirmou que Lula portou-se como o \u2018antissemita mais virulento\u2019\u00a0e [&hellip;]<\/p>\n","protected":false},"author":2,"featured_media":188411,"comment_status":"open","ping_status":"open","sticky":false,"template":"","format":"standard","meta":{"_monsterinsights_skip_tracking":false,"_monsterinsights_sitenote_active":false,"_monsterinsights_sitenote_note":"","_monsterinsights_sitenote_category":0},"categories":[7,30259,12],"tags":[480,33066,40791],"aioseo_notices":[],"_links":{"self":[{"href":"https:\/\/mspontocom.com.br\/site\/wp-json\/wp\/v2\/posts\/188403"}],"collection":[{"href":"https:\/\/mspontocom.com.br\/site\/wp-json\/wp\/v2\/posts"}],"about":[{"href":"https:\/\/mspontocom.com.br\/site\/wp-json\/wp\/v2\/types\/post"}],"author":[{"embeddable":true,"href":"https:\/\/mspontocom.com.br\/site\/wp-json\/wp\/v2\/users\/2"}],"replies":[{"embeddable":true,"href":"https:\/\/mspontocom.com.br\/site\/wp-json\/wp\/v2\/comments?post=188403"}],"version-history":[{"count":2,"href":"https:\/\/mspontocom.com.br\/site\/wp-json\/wp\/v2\/posts\/188403\/revisions"}],"predecessor-version":[{"id":188412,"href":"https:\/\/mspontocom.com.br\/site\/wp-json\/wp\/v2\/posts\/188403\/revisions\/188412"}],"wp:featuredmedia":[{"embeddable":true,"href":"https:\/\/mspontocom.com.br\/site\/wp-json\/wp\/v2\/media\/188411"}],"wp:attachment":[{"href":"https:\/\/mspontocom.com.br\/site\/wp-json\/wp\/v2\/media?parent=188403"}],"wp:term":[{"taxonomy":"category","embeddable":true,"href":"https:\/\/mspontocom.com.br\/site\/wp-json\/wp\/v2\/categories?post=188403"},{"taxonomy":"post_tag","embeddable":true,"href":"https:\/\/mspontocom.com.br\/site\/wp-json\/wp\/v2\/tags?post=188403"}],"curies":[{"name":"wp","href":"https:\/\/api.w.org\/{rel}","templated":true}]}}