{"id":188610,"date":"2024-02-27T05:22:06","date_gmt":"2024-02-27T09:22:06","guid":{"rendered":"https:\/\/mspontocom.com.br\/site\/?p=188610"},"modified":"2024-02-27T05:22:06","modified_gmt":"2024-02-27T09:22:06","slug":"ato-pro-bolsonaro-e-destaque-na-imprensa-internacional","status":"publish","type":"post","link":"https:\/\/mspontocom.com.br\/site\/ato-pro-bolsonaro-e-destaque-na-imprensa-internacional\/","title":{"rendered":"Ato pr\u00f3-Bolsonaro \u00e9 destaque na imprensa internacional"},"content":{"rendered":"<p style=\"text-align: justify;\"><span data-contrast=\"none\"><img loading=\"lazy\" class=\"alignnone size-full wp-image-188611\" src=\"https:\/\/mspontocom.com.br\/site\/wp-content\/uploads\/2024\/02\/site-ato-pro-bolsonaro-e-destaque-na-imprensa-internacional-capas-arte.jpg\" alt=\"\" width=\"1445\" height=\"815\" srcset=\"https:\/\/mspontocom.com.br\/site\/wp-content\/uploads\/2024\/02\/site-ato-pro-bolsonaro-e-destaque-na-imprensa-internacional-capas-arte.jpg 1445w, https:\/\/mspontocom.com.br\/site\/wp-content\/uploads\/2024\/02\/site-ato-pro-bolsonaro-e-destaque-na-imprensa-internacional-capas-arte-260x147.jpg 260w, https:\/\/mspontocom.com.br\/site\/wp-content\/uploads\/2024\/02\/site-ato-pro-bolsonaro-e-destaque-na-imprensa-internacional-capas-arte-1024x578.jpg 1024w, https:\/\/mspontocom.com.br\/site\/wp-content\/uploads\/2024\/02\/site-ato-pro-bolsonaro-e-destaque-na-imprensa-internacional-capas-arte-768x433.jpg 768w\" sizes=\"(max-width: 1445px) 100vw, 1445px\" \/>A manifesta\u00e7\u00e3o convocada pelo ex-presidente <strong>Jair Bolsonaro<\/strong> (PL), ocorrida na Avenida Paulista (SP) teve repercuss\u00e3o na imprensa internacional que destacou a ades\u00e3o maci\u00e7a ao evento e as acusa\u00e7\u00f5es de \u201ctentativa de golpe\u201d contra o ex-presidente.<\/span><span data-ccp-props=\"{&quot;134233117&quot;:false,&quot;134233118&quot;:false,&quot;201341983&quot;:0,&quot;335551550&quot;:6,&quot;335551620&quot;:6,&quot;335557856&quot;:15987699,&quot;335559738&quot;:0,&quot;335559739&quot;:0,&quot;335559740&quot;:360}\">\u00a0<\/span><\/p>\n<p style=\"text-align: justify;\">O <strong>jornal espanhol El Pa\u00eds<\/strong> considera que a manifesta\u00e7\u00e3o refor\u00e7a a lideran\u00e7a de Bolsonaro ap\u00f3s um ano de modera\u00e7\u00e3o.<\/p>\n<p style=\"text-align: justify;\"><span data-contrast=\"none\">O <strong>jornal ingl\u00eas The Guardian<\/strong> segue a mesma linha, afirmando que<\/span><i><span data-contrast=\"none\">\u00a0\u201cBolsonaro est\u00e1 tentando mostrar que sua base \u00e9 resiliente mesmo durante a investiga\u00e7\u00e3o\u201d<\/span><\/i><span data-contrast=\"none\">. O jornal tamb\u00e9m destacou a participa\u00e7\u00e3o de<\/span><i><span data-contrast=\"none\">\u00a0\u201cdezenas de milhares\u201d<\/span><\/i><span data-contrast=\"none\"> de manifestantes.<\/span><\/p>\n<p style=\"text-align: justify;\"><span data-contrast=\"auto\">O <strong>brit\u00e2nico Daily Mail<\/strong> tamb\u00e9m mencionou a ades\u00e3o massiva ao evento como uma demonstra\u00e7\u00e3o de apoio, apesar das acusa\u00e7\u00f5es contra Bolsonaro. Segundo o jornal, uma multid\u00e3o de apoiadores, vestindo as cores verde e amarelo da bandeira brasileira, lotou a Avenida Paulista, uma das principais vias da capital econ\u00f4mica do pa\u00eds.<\/span><span data-ccp-props=\"{&quot;201341983&quot;:0,&quot;335551550&quot;:6,&quot;335551620&quot;:6,&quot;335559740&quot;:360}\">\u00a0<\/span><\/p>\n<p style=\"text-align: justify;\"><span data-contrast=\"auto\">Tamb\u00e9m comentou sobre o assunto o<strong> jornal The Times of Israel,<\/strong> que destacou o apoio de Bolsonaro e dos manifestantes a Israel em resposta aos ataques do presidente Lula (PT), que comparou a\u00a0<a href=\"https:\/\/diariodopoder.com.br\/brasil-e-regioes\/lula-compara-israel-a-hitler\">luta de Israel contra o Hamas ao Holocausto<\/a>.<\/span><span data-ccp-props=\"{&quot;201341983&quot;:0,&quot;335551550&quot;:6,&quot;335551620&quot;:6,&quot;335559740&quot;:360}\">\u00a0<\/span><\/p>\n<p style=\"text-align: justify;\"><span data-contrast=\"none\">A <strong>ag\u00eancia de not\u00edcias Reuters<\/strong> deu destaque \u00e0s investiga\u00e7\u00f5es contra Bolsonaro. Al\u00e9m do destaque\u00a0classificou o ex-presidente como um\u00a0<\/span><i><span data-contrast=\"none\">\u201cpopulista frequentemente comparado ao ex-presidente dos EUA, Donald Trump\u201d<\/span><\/i><span data-contrast=\"none\">.<\/span><span data-ccp-props=\"{&quot;134233117&quot;:false,&quot;134233118&quot;:false,&quot;201341983&quot;:0,&quot;335551550&quot;:6,&quot;335551620&quot;:6,&quot;335557856&quot;:15987699,&quot;335559738&quot;:120,&quot;335559739&quot;:0,&quot;335559740&quot;:360}\">\u00a0<\/span><\/p>\n<p style=\"text-align: justify;\"><span data-contrast=\"none\">O<strong> jornal France 24<\/strong> observou que, apesar das acusa\u00e7\u00f5es, a manifesta\u00e7\u00e3o foi uma demonstra\u00e7\u00e3o da for\u00e7a pol\u00edtica de Bolsonaro, que continua sendo \u201cadorado\u201d por seus eleitores.<\/span><span data-ccp-props=\"{&quot;134233117&quot;:false,&quot;134233118&quot;:false,&quot;201341983&quot;:0,&quot;335551550&quot;:6,&quot;335551620&quot;:6,&quot;335557856&quot;:15987699,&quot;335559738&quot;:120,&quot;335559739&quot;:0,&quot;335559740&quot;:360}\">\u00a0<\/span><\/p>\n<p style=\"text-align: justify;\"><span data-contrast=\"none\">O <strong>The Korea Times,<\/strong> um dos mais antigos jornais em l\u00edngua inglesa publicados diariamente na Coreia do Sul, afirmou que o evento foi uma\u00a0<em>\u201cdemonstra\u00e7\u00e3o de poder em meio \u00e0s investiga\u00e7\u00f5es sobre um poss\u00edvel golpe\u201d<\/em>.<\/span><span data-ccp-props=\"{&quot;134233117&quot;:false,&quot;134233118&quot;:false,&quot;201341983&quot;:0,&quot;335551550&quot;:6,&quot;335551620&quot;:6,&quot;335557856&quot;:15987699,&quot;335559738&quot;:0,&quot;335559739&quot;:0,&quot;335559740&quot;:360}\">\u00a0<\/span><\/p>\n<p style=\"text-align: justify;\"><span data-contrast=\"none\">Por sua vez, <strong>o\u00a0site de not\u00edcias japon\u00eas BNN Breaking\u00a0<\/strong>observou que a\u00a0manifesta\u00e7\u00e3o em S\u00e3o Paulo n\u00e3o apenas serviu como plataforma para Bolsonaro expressar suas queixas, mas tamb\u00e9m funcionou como um espelho que reflete as profundas divis\u00f5es na sociedade brasileira.<\/span><span data-ccp-props=\"{&quot;134233117&quot;:false,&quot;134233118&quot;:false,&quot;201341983&quot;:0,&quot;335551550&quot;:6,&quot;335551620&quot;:6,&quot;335557856&quot;:15987699,&quot;335559738&quot;:120,&quot;335559739&quot;:0,&quot;335559740&quot;:360}\">\u00a0<\/span><\/p>\n<p style=\"text-align: justify;\">fonte: Giovanna Soares, Di\u00e1rio do Poder<\/p>\n<p style=\"text-align: justify;\">Veja mais not\u00edcias em: <a href=\"http:\/\/www.mspontocom.com.br\/\">www.mspontocom.com.br<\/a><\/p>\n<p style=\"text-align: justify;\">Nosso twitter: @mspontocom<\/p>\n","protected":false},"excerpt":{"rendered":"<p>A manifesta\u00e7\u00e3o convocada pelo ex-presidente Jair Bolsonaro (PL), ocorrida na Avenida Paulista (SP) teve repercuss\u00e3o na imprensa internacional que destacou a ades\u00e3o maci\u00e7a ao evento e as acusa\u00e7\u00f5es de \u201ctentativa de golpe\u201d contra o ex-presidente.\u00a0 O jornal espanhol El Pa\u00eds considera que a manifesta\u00e7\u00e3o refor\u00e7a a lideran\u00e7a de Bolsonaro ap\u00f3s um ano de modera\u00e7\u00e3o. O [&hellip;]<\/p>\n","protected":false},"author":2,"featured_media":188611,"comment_status":"open","ping_status":"open","sticky":false,"template":"","format":"standard","meta":{"_monsterinsights_skip_tracking":false,"_monsterinsights_sitenote_active":false,"_monsterinsights_sitenote_note":"","_monsterinsights_sitenote_category":0},"categories":[30260,7,30259,12],"tags":[40797,6736,40820],"aioseo_notices":[],"_links":{"self":[{"href":"https:\/\/mspontocom.com.br\/site\/wp-json\/wp\/v2\/posts\/188610"}],"collection":[{"href":"https:\/\/mspontocom.com.br\/site\/wp-json\/wp\/v2\/posts"}],"about":[{"href":"https:\/\/mspontocom.com.br\/site\/wp-json\/wp\/v2\/types\/post"}],"author":[{"embeddable":true,"href":"https:\/\/mspontocom.com.br\/site\/wp-json\/wp\/v2\/users\/2"}],"replies":[{"embeddable":true,"href":"https:\/\/mspontocom.com.br\/site\/wp-json\/wp\/v2\/comments?post=188610"}],"version-history":[{"count":1,"href":"https:\/\/mspontocom.com.br\/site\/wp-json\/wp\/v2\/posts\/188610\/revisions"}],"predecessor-version":[{"id":188612,"href":"https:\/\/mspontocom.com.br\/site\/wp-json\/wp\/v2\/posts\/188610\/revisions\/188612"}],"wp:featuredmedia":[{"embeddable":true,"href":"https:\/\/mspontocom.com.br\/site\/wp-json\/wp\/v2\/media\/188611"}],"wp:attachment":[{"href":"https:\/\/mspontocom.com.br\/site\/wp-json\/wp\/v2\/media?parent=188610"}],"wp:term":[{"taxonomy":"category","embeddable":true,"href":"https:\/\/mspontocom.com.br\/site\/wp-json\/wp\/v2\/categories?post=188610"},{"taxonomy":"post_tag","embeddable":true,"href":"https:\/\/mspontocom.com.br\/site\/wp-json\/wp\/v2\/tags?post=188610"}],"curies":[{"name":"wp","href":"https:\/\/api.w.org\/{rel}","templated":true}]}}