{"id":188629,"date":"2024-02-27T04:31:15","date_gmt":"2024-02-27T08:31:15","guid":{"rendered":"https:\/\/mspontocom.com.br\/site\/?p=188629"},"modified":"2024-02-27T06:34:33","modified_gmt":"2024-02-27T10:34:33","slug":"sebrae-divulga-eventos-gratuitos-em-marco-para-campo-grande","status":"publish","type":"post","link":"https:\/\/mspontocom.com.br\/site\/sebrae-divulga-eventos-gratuitos-em-marco-para-campo-grande\/","title":{"rendered":"Sebrae divulga eventos gratuitos em mar\u00e7o para Campo Grande"},"content":{"rendered":"<p style=\"text-align: justify;\"><img loading=\"lazy\" class=\"alignnone size-full wp-image-188630\" src=\"https:\/\/mspontocom.com.br\/site\/wp-content\/uploads\/2024\/02\/site-sebrae-divulga-eventos-gratuitos-em-marco-para-campo-grande-sebrae2.jpg\" alt=\"\" width=\"920\" height=\"489\" srcset=\"https:\/\/mspontocom.com.br\/site\/wp-content\/uploads\/2024\/02\/site-sebrae-divulga-eventos-gratuitos-em-marco-para-campo-grande-sebrae2.jpg 920w, https:\/\/mspontocom.com.br\/site\/wp-content\/uploads\/2024\/02\/site-sebrae-divulga-eventos-gratuitos-em-marco-para-campo-grande-sebrae2-260x138.jpg 260w, https:\/\/mspontocom.com.br\/site\/wp-content\/uploads\/2024\/02\/site-sebrae-divulga-eventos-gratuitos-em-marco-para-campo-grande-sebrae2-768x408.jpg 768w\" sizes=\"(max-width: 920px) 100vw, 920px\" \/>Com o objetivo de levar o empreendedorismo para todos, o Sebrae\/MS preparou uma agenda de oficinas e palestras gratuitas para o m\u00eas de mar\u00e7o em Campo Grande.<\/p>\n<p style=\"text-align: justify;\">As capacita\u00e7\u00f5es acontecer\u00e3o na sede (Av. Mato Grosso, 1661) e nas unidades dos bairros Parati\/Aero Rancho (Rua da Divis\u00e3o, 545) e Nova Lima (Rua Jer\u00f4nimo de Albuquerque, 1758). Os interessados podem se inscrever na <a href=\"https:\/\/t.rdsv1.net\/ls\/click?upn=j83v-2Bvi6djXjXDvYGeI0Sk4Yc2ly8FflAS2PcX3gemhKpFtS512Phc1omE1PeaJEyaoo-2FbOUWzoY1UfvDApMzg8WEjWbLqdlbTf4UacnTRovZ9BOWz3cHels2HajBko34IKSuLUCeudEXB-2FGsFlUChrpP6TZ5uC7VjzXlOOMwVGADvRcJvabYGUcs8jDbeyS6tAP-2Fqd62kdJyB-2BZp0NM07U1SQG4wxfGE-2F0E3JCLD7ckzKhSpjBmIZJIQGy1cjH2WXnES5Hj2qjYmYSGy8y-2Bgw-3D-3D0v4E_qLbKLb-2BN6TXZnaCL0IB5xUj32lOyZQL2WTTBxva00nZ08hd-2BK7iXZlwx9ttYsaLgerN9sYCPa-2BdYcrCYsVseQ1KaAaVQ13xrm4VZtEbBsxprRg5l0a7h0xg8-2FUCaUwPZvnlfm7l0fVO-2BmbGmA-2BJR0E2hrnyhV91r1i-2F-2BMapi2jsc5TWHMHECnT20XqLT0tNfF8kHREIsqMsGvzpCcV42kri92-2Bb7Fi7PM53D1Q8-2B6dDyfdCJ6KV3uieur69-2FSmp-2BhWRKhuL-2BAM2HDNerI65U0ndnS5EVbXJf-2B8y1de16QjCJwPBT-2FTA9XO-2FzbM54vJ4CActmOnQhD-2BhZIX3U7oHwnsBSZZmm8CNjzsKOlX6tzxTrVOV1hPNAqhcGIsAqR8uZaS56tR44kgp8KKsdWmmCfoQKg4rUy-2B7eAGjgLien7Nisc3KLAEzLZnNZjFbdbhlvaGjNvUkRvLdoVhXLy9aJdpgDv2VA1x3AhwyPcszcSp1-2BJsrzMlLfCdxD6nJ38oa5Hg90ujCFHKX-2FD7NNH1qrhX7F-2Bj9iulWdQrvOTDxBNOSX5clv14P0gM-2B7UyF6U08O0TUEcPBa-2Bg-2F48jP-2FD16O-2BWcDRy1nWWQeBJzcCsIbTUAB-2FZeMZp0UaWqOGblKT3aW5lJwIHB52I734IaFJ-2F9nJ7sDs1sfHkMrrVzi1OVS8WE0WuvWAvFaNixVhXMZwh1q1uWXvyUOrxnehckibsrDFzNchvsfFT10Vzie472AW-2FlB-2BMsin-2FlAxyBpQUbFQkcF\" target=\"_blank\" rel=\"noopener\" data-saferedirecturl=\"https:\/\/www.google.com\/url?q=https:\/\/t.rdsv1.net\/ls\/click?upn%3Dj83v-2Bvi6djXjXDvYGeI0Sk4Yc2ly8FflAS2PcX3gemhKpFtS512Phc1omE1PeaJEyaoo-2FbOUWzoY1UfvDApMzg8WEjWbLqdlbTf4UacnTRovZ9BOWz3cHels2HajBko34IKSuLUCeudEXB-2FGsFlUChrpP6TZ5uC7VjzXlOOMwVGADvRcJvabYGUcs8jDbeyS6tAP-2Fqd62kdJyB-2BZp0NM07U1SQG4wxfGE-2F0E3JCLD7ckzKhSpjBmIZJIQGy1cjH2WXnES5Hj2qjYmYSGy8y-2Bgw-3D-3D0v4E_qLbKLb-2BN6TXZnaCL0IB5xUj32lOyZQL2WTTBxva00nZ08hd-2BK7iXZlwx9ttYsaLgerN9sYCPa-2BdYcrCYsVseQ1KaAaVQ13xrm4VZtEbBsxprRg5l0a7h0xg8-2FUCaUwPZvnlfm7l0fVO-2BmbGmA-2BJR0E2hrnyhV91r1i-2F-2BMapi2jsc5TWHMHECnT20XqLT0tNfF8kHREIsqMsGvzpCcV42kri92-2Bb7Fi7PM53D1Q8-2B6dDyfdCJ6KV3uieur69-2FSmp-2BhWRKhuL-2BAM2HDNerI65U0ndnS5EVbXJf-2B8y1de16QjCJwPBT-2FTA9XO-2FzbM54vJ4CActmOnQhD-2BhZIX3U7oHwnsBSZZmm8CNjzsKOlX6tzxTrVOV1hPNAqhcGIsAqR8uZaS56tR44kgp8KKsdWmmCfoQKg4rUy-2B7eAGjgLien7Nisc3KLAEzLZnNZjFbdbhlvaGjNvUkRvLdoVhXLy9aJdpgDv2VA1x3AhwyPcszcSp1-2BJsrzMlLfCdxD6nJ38oa5Hg90ujCFHKX-2FD7NNH1qrhX7F-2Bj9iulWdQrvOTDxBNOSX5clv14P0gM-2B7UyF6U08O0TUEcPBa-2Bg-2F48jP-2FD16O-2BWcDRy1nWWQeBJzcCsIbTUAB-2FZeMZp0UaWqOGblKT3aW5lJwIHB52I734IaFJ-2F9nJ7sDs1sfHkMrrVzi1OVS8WE0WuvWAvFaNixVhXMZwh1q1uWXvyUOrxnehckibsrDFzNchvsfFT10Vzie472AW-2FlB-2BMsin-2FlAxyBpQUbFQkcF&amp;source=gmail&amp;ust=1709114970497000&amp;usg=AOvVaw20SH7801EJvBbGM4f1t4xP\">Loja Virtual do Sebrae<\/a>.<\/p>\n<p style=\"text-align: justify;\">Na sede do Sebrae\/MS, as capacita\u00e7\u00f5es iniciam no dia 5 de mar\u00e7o, das 19h \u00e0s 22h, com a palestra \u201cComo Se Tornar Um Microempreendedor Individual\u201d, que orientar\u00e1 sobre os processos, as obriga\u00e7\u00f5es, as responsabilidades e os benef\u00edcios de se formalizar como um microempreendedor individual. J\u00e1 no dia 7, das 19h \u00e0s 21h, acontecer\u00e1 a palestra \u201cComece Certo: Formalize!\u201d, que abordar\u00e1 as compet\u00eancias mais valorizadas no mercado de trabalho e no ambiente empresarial.<\/p>\n<p style=\"text-align: justify;\">Na ter\u00e7a-feira, 12 de mar\u00e7o, das 18h \u00e0s 22h, ser\u00e1 ministrada a oficina \u201cSeja um Profissional Emocionalmente Inteligente\u201d, que possibilitar\u00e1 aos participantes identificar, compreender e desenvolver as 12 compet\u00eancias da Intelig\u00eancia Emocional. No dia seguinte, 13, das 14h \u00e0s 18h, o Sebrae realizar\u00e1 a oficina \u201cVisualizando Meu Neg\u00f3cio no Papel\u201d, com o intuito de auxiliar os empreendedores a estruturar seu modelo de neg\u00f3cio.<\/p>\n<p style=\"text-align: justify;\">Para os que buscam conhecer as t\u00e9cnicas para a elabora\u00e7\u00e3o de projetos, no dia 18 de mar\u00e7o, das 18h30 \u00e0s 22h30, acontecer\u00e1 a oficina \u201cElabora\u00e7\u00e3o de Projetos para Capta\u00e7\u00e3o de Recursos\u201d. Na semana seguinte, no dia 26 de mar\u00e7o, das 19h \u00e0s 21h, ter\u00e1 a oficina \u201cPlanejando o Sucesso\u201d, que ensinar\u00e1 o passo a passo para elaborar um plano de desenvolvimento e crescimento para os empreendimentos dos interessados.<\/p>\n<p style=\"text-align: justify;\">Para finalizar as capacita\u00e7\u00f5es na sede, na quinta-feira, 28, das 19h \u00e0s 21h, a palestra \u201cEntendendo o Fluxo de Caixa\u201d, ir\u00e1 apresentar a import\u00e2ncia de uma boa gest\u00e3o financeira para o sucesso da empresa.<\/p>\n<p style=\"text-align: justify;\"><strong>Sebrae Parati\/Aero Rancho<\/strong><\/p>\n<p style=\"text-align: justify;\">Come\u00e7ando as capacita\u00e7\u00f5es da unidade Parati\/Aero Rancho, acontece no dia 6 de mar\u00e7o, das 18h \u00e0s 22h, a oficina \u201cFa\u00e7a Sua Estrat\u00e9gia de Precifica\u00e7\u00e3o\u201d, que ensinar\u00e1 o empreendedor a precificar seu modelo de neg\u00f3cio.<\/p>\n<p style=\"text-align: justify;\">Voltado para as mulheres, no dia 7 de mar\u00e7o, das 16h \u00e0s 22h, o Sebrae ofertar\u00e1 a oficina \u201cHabilidades Comportamentais para Mulheres Empreendedoras\u201d. J\u00e1 no dia 14, das 18h \u00e0s 22h, o foco ser\u00e1 nas vendas para a P\u00e1scoa, com a oficina \u201cFa\u00e7a Mais Vendas em Datas Comemorativas\u201d, com o objetivo de orientar os interessados a aproveitar da melhor forma as diversas datas comemorativas que podem impactar positivamente nas vendas.<\/p>\n<p style=\"text-align: justify;\">Nos dias 19 e 20, das 18h \u00e0s 22h, ir\u00e1 ocorrer a oficina \u201cVisualizando Meu Neg\u00f3cio no Papel\u201d, para ajudar aos interessados a estruturar seu modelo de neg\u00f3cio. Para fechar as capacita\u00e7\u00f5es na unidade, nos dias 25 e 26 de mar\u00e7o, das 16h \u00e0s 22h ser\u00e1 realizada a oficina \u201cAlcance a Qualidade com a Filosofia 5S\u201d.<\/p>\n<p style=\"text-align: justify;\"><strong>Sebrae Nova Lima\u00a0\u00a0\u00a0\u00a0\u00a0\u00a0\u00a0\u00a0<\/strong><\/p>\n<p style=\"text-align: justify;\">No dia 12 de mar\u00e7o, das 18h \u00e0s 22h, o Sebrae Nova Lima ir\u00e1 ofertar a oficina \u201cFa\u00e7a Mais Vendas em Datas Comemorativas\u201d, onde o empres\u00e1rio aprender\u00e1 a aproveitar as datas comemorativas que podem impactar nas vendas, com o conte\u00fado direcionado para a P\u00e1scoa.<\/p>\n<p style=\"text-align: justify;\">Para os interessados em ingressar com a empresa no marketing digital, no dia 14 de mar\u00e7o, das 18h30 \u00e0s 20h30, ser\u00e1 ministrada a palestra \u201cFa\u00e7a Investimento em Marketing Digital\u201d. Entre os dias 19 e 21 de mar\u00e7o, das 18h \u00e0s 22h, acontecer\u00e1 a palestra \u201cHigiene e Manipula\u00e7\u00e3o de Alimentos\u201d. Para finalizar a programa\u00e7\u00e3o, nos dias 25 e 26 de mar\u00e7o, das 18h \u00e0s 22h, ter\u00e1 a sequ\u00eancia de palestras \u201cAlcance a Qualidade com a Filosofia 5S\u201d.<\/p>\n<p style=\"text-align: justify;\">Mais informa\u00e7\u00f5es aos empreendedores por meio da Central de Relacionamento do Sebrae, no n\u00famero 0800 570 0800.<\/p>\n","protected":false},"excerpt":{"rendered":"<p>Com o objetivo de levar o empreendedorismo para todos, o Sebrae\/MS preparou uma agenda de oficinas e palestras gratuitas para o m\u00eas de mar\u00e7o em Campo Grande. As capacita\u00e7\u00f5es acontecer\u00e3o na sede (Av. Mato Grosso, 1661) e nas unidades dos bairros Parati\/Aero Rancho (Rua da Divis\u00e3o, 545) e Nova Lima (Rua Jer\u00f4nimo de Albuquerque, 1758). [&hellip;]<\/p>\n","protected":false},"author":2,"featured_media":188630,"comment_status":"open","ping_status":"open","sticky":false,"template":"","format":"standard","meta":{"_monsterinsights_skip_tracking":false,"_monsterinsights_sitenote_active":false,"_monsterinsights_sitenote_note":"","_monsterinsights_sitenote_category":0},"categories":[4328,15],"tags":[123,38408,353,536],"aioseo_notices":[],"_links":{"self":[{"href":"https:\/\/mspontocom.com.br\/site\/wp-json\/wp\/v2\/posts\/188629"}],"collection":[{"href":"https:\/\/mspontocom.com.br\/site\/wp-json\/wp\/v2\/posts"}],"about":[{"href":"https:\/\/mspontocom.com.br\/site\/wp-json\/wp\/v2\/types\/post"}],"author":[{"embeddable":true,"href":"https:\/\/mspontocom.com.br\/site\/wp-json\/wp\/v2\/users\/2"}],"replies":[{"embeddable":true,"href":"https:\/\/mspontocom.com.br\/site\/wp-json\/wp\/v2\/comments?post=188629"}],"version-history":[{"count":1,"href":"https:\/\/mspontocom.com.br\/site\/wp-json\/wp\/v2\/posts\/188629\/revisions"}],"predecessor-version":[{"id":188631,"href":"https:\/\/mspontocom.com.br\/site\/wp-json\/wp\/v2\/posts\/188629\/revisions\/188631"}],"wp:featuredmedia":[{"embeddable":true,"href":"https:\/\/mspontocom.com.br\/site\/wp-json\/wp\/v2\/media\/188630"}],"wp:attachment":[{"href":"https:\/\/mspontocom.com.br\/site\/wp-json\/wp\/v2\/media?parent=188629"}],"wp:term":[{"taxonomy":"category","embeddable":true,"href":"https:\/\/mspontocom.com.br\/site\/wp-json\/wp\/v2\/categories?post=188629"},{"taxonomy":"post_tag","embeddable":true,"href":"https:\/\/mspontocom.com.br\/site\/wp-json\/wp\/v2\/tags?post=188629"}],"curies":[{"name":"wp","href":"https:\/\/api.w.org\/{rel}","templated":true}]}}