{"id":188746,"date":"2024-03-02T07:24:28","date_gmt":"2024-03-02T11:24:28","guid":{"rendered":"https:\/\/mspontocom.com.br\/site\/?p=188746"},"modified":"2024-03-02T07:24:28","modified_gmt":"2024-03-02T11:24:28","slug":"papa-diz-que-ideologia-de-genero-ameaca-humanidade","status":"publish","type":"post","link":"https:\/\/mspontocom.com.br\/site\/papa-diz-que-ideologia-de-genero-ameaca-humanidade\/","title":{"rendered":"Papa diz que \u201cideologia de g\u00eanero\u201d amea\u00e7a humanidade"},"content":{"rendered":"<p style=\"text-align: justify;\"><img loading=\"lazy\" class=\"alignnone size-full wp-image-188747\" src=\"https:\/\/mspontocom.com.br\/site\/wp-content\/uploads\/2024\/03\/site-papa-diz-que-ideologia-de-genero-ameaca-humanidade-papa.jpg\" alt=\"\" width=\"1200\" height=\"630\" srcset=\"https:\/\/mspontocom.com.br\/site\/wp-content\/uploads\/2024\/03\/site-papa-diz-que-ideologia-de-genero-ameaca-humanidade-papa.jpg 1200w, https:\/\/mspontocom.com.br\/site\/wp-content\/uploads\/2024\/03\/site-papa-diz-que-ideologia-de-genero-ameaca-humanidade-papa-260x137.jpg 260w, https:\/\/mspontocom.com.br\/site\/wp-content\/uploads\/2024\/03\/site-papa-diz-que-ideologia-de-genero-ameaca-humanidade-papa-1024x538.jpg 1024w, https:\/\/mspontocom.com.br\/site\/wp-content\/uploads\/2024\/03\/site-papa-diz-que-ideologia-de-genero-ameaca-humanidade-papa-768x403.jpg 768w\" sizes=\"(max-width: 1200px) 100vw, 1200px\" \/>O <strong>papa Francisco<\/strong> disse em uma confer\u00eancia nesta 6\u00aa feira (1\u00ba.mar.2024) que <strong>\u201cideologia de g\u00eanero\u201d<\/strong> seria uma amea\u00e7a para a humanidade que \u201canula as diferen\u00e7as\u201d entre homens e mulheres.<\/p>\n<p style=\"text-align: justify;\">Ele informou ter encomendado estudos sobre o que categorizou como <strong>\u201cideologia ruim\u201c.\u00a0 <\/strong><\/p>\n<p style=\"text-align: justify;\"><em><span style=\"font-size: 14pt;\">\u201cHoje, o perigo mais feio \u00e9 a \u2018ideologia de g\u00eanero\u2019, que anula as diferen\u00e7as. Pedi para fazer estudos sobre essa ideologia ruim do nosso tempo, que apaga as diferen\u00e7as e torna tudo igual. Cancelar a diferen\u00e7a \u00e9 cancelar a humanidade\u201c,<\/span><\/em> declarou Francisco.<\/p>\n<p>Segundo o portal de not\u00edcias do Vaticano, estudiosos, fil\u00f3sofos, te\u00f3logos e pedagogos se reuniram para o encontro internacional \u201cHomem-Mulher, imagem de Deus\u201d .<\/p>\n<p style=\"text-align: justify;\">Veja mais not\u00edcias em: <a href=\"http:\/\/www.mspontocom.com.br\/\">www.mspontocom.com.br<\/a><\/p>\n<p style=\"text-align: justify;\">Nosso twitter: @mspontocom<\/p>\n","protected":false},"excerpt":{"rendered":"<p>O papa Francisco disse em uma confer\u00eancia nesta 6\u00aa feira (1\u00ba.mar.2024) que \u201cideologia de g\u00eanero\u201d seria uma amea\u00e7a para a humanidade que \u201canula as diferen\u00e7as\u201d entre homens e mulheres. Ele informou ter encomendado estudos sobre o que categorizou como \u201cideologia ruim\u201c.\u00a0 \u201cHoje, o perigo mais feio \u00e9 a \u2018ideologia de g\u00eanero\u2019, que anula as diferen\u00e7as. [&hellip;]<\/p>\n","protected":false},"author":2,"featured_media":188747,"comment_status":"open","ping_status":"open","sticky":false,"template":"","format":"standard","meta":{"_monsterinsights_skip_tracking":false,"_monsterinsights_sitenote_active":false,"_monsterinsights_sitenote_note":"","_monsterinsights_sitenote_category":0},"categories":[30260,7,30259],"tags":[40850,40849,10630],"aioseo_notices":[],"_links":{"self":[{"href":"https:\/\/mspontocom.com.br\/site\/wp-json\/wp\/v2\/posts\/188746"}],"collection":[{"href":"https:\/\/mspontocom.com.br\/site\/wp-json\/wp\/v2\/posts"}],"about":[{"href":"https:\/\/mspontocom.com.br\/site\/wp-json\/wp\/v2\/types\/post"}],"author":[{"embeddable":true,"href":"https:\/\/mspontocom.com.br\/site\/wp-json\/wp\/v2\/users\/2"}],"replies":[{"embeddable":true,"href":"https:\/\/mspontocom.com.br\/site\/wp-json\/wp\/v2\/comments?post=188746"}],"version-history":[{"count":1,"href":"https:\/\/mspontocom.com.br\/site\/wp-json\/wp\/v2\/posts\/188746\/revisions"}],"predecessor-version":[{"id":188748,"href":"https:\/\/mspontocom.com.br\/site\/wp-json\/wp\/v2\/posts\/188746\/revisions\/188748"}],"wp:featuredmedia":[{"embeddable":true,"href":"https:\/\/mspontocom.com.br\/site\/wp-json\/wp\/v2\/media\/188747"}],"wp:attachment":[{"href":"https:\/\/mspontocom.com.br\/site\/wp-json\/wp\/v2\/media?parent=188746"}],"wp:term":[{"taxonomy":"category","embeddable":true,"href":"https:\/\/mspontocom.com.br\/site\/wp-json\/wp\/v2\/categories?post=188746"},{"taxonomy":"post_tag","embeddable":true,"href":"https:\/\/mspontocom.com.br\/site\/wp-json\/wp\/v2\/tags?post=188746"}],"curies":[{"name":"wp","href":"https:\/\/api.w.org\/{rel}","templated":true}]}}