{"id":188805,"date":"2024-03-05T05:43:21","date_gmt":"2024-03-05T09:43:21","guid":{"rendered":"https:\/\/mspontocom.com.br\/site\/?p=188805"},"modified":"2024-03-05T05:43:21","modified_gmt":"2024-03-05T09:43:21","slug":"hamas-esta-honrado-com-falas-de-lula-diz-terrorista","status":"publish","type":"post","link":"https:\/\/mspontocom.com.br\/site\/hamas-esta-honrado-com-falas-de-lula-diz-terrorista\/","title":{"rendered":"Hamas est\u00e1 \u201chonrado\u201d com falas de Lula, diz terrorista"},"content":{"rendered":"<p style=\"text-align: justify;\"><img loading=\"lazy\" class=\"alignnone size-full wp-image-188813\" src=\"https:\/\/mspontocom.com.br\/site\/wp-content\/uploads\/2024\/03\/site-hamas-esta-honrado-com-falas-de-lula-diz-lider-do-grupo-terrorista-lula-hamas-terror.jpg\" alt=\"\" width=\"747\" height=\"418\" srcset=\"https:\/\/mspontocom.com.br\/site\/wp-content\/uploads\/2024\/03\/site-hamas-esta-honrado-com-falas-de-lula-diz-lider-do-grupo-terrorista-lula-hamas-terror.jpg 747w, https:\/\/mspontocom.com.br\/site\/wp-content\/uploads\/2024\/03\/site-hamas-esta-honrado-com-falas-de-lula-diz-lider-do-grupo-terrorista-lula-hamas-terror-260x145.jpg 260w\" sizes=\"(max-width: 747px) 100vw, 747px\" \/>O terrorista palestino Basem Naim , alto dirigente do <strong>Hamas<\/strong>, afirmou que o grupo est\u00e1 <strong>\u201chonrado\u201d<\/strong> pelas declara\u00e7\u00f5es de <strong>Lula<\/strong> sobre o conflito em Gaza, dentre as quais a falsa compara\u00e7\u00e3o entre a situa\u00e7\u00e3o no Oriente M\u00e9dio e o<strong> Holocausto.<\/strong><\/p>\n<p style=\"text-align: justify;\"><em>\u201cEstamos muito honrados por todas as declara\u00e7\u00f5es recentes dos funcion\u00e1rios do governo, particularmente as declara\u00e7\u00f5es do presidente Lula sobre seu compromisso e sua postura corajosa de apoiar a causa palestina e, especificamente, exigir um cessar-fogo\u201d<\/em>, afirmou Naim em mensagem de v\u00eddeo enviada ao Partido da Causa Oper\u00e1ria (PCO).<\/p>\n<div class=\"post-interna__content__corpo\">\n<p style=\"text-align: justify;\">O <strong>terrorista<\/strong> ainda afirmou que\u00a0<em>\u201cesperamos o dia em que estaremos na Palestina com todos os nossos amigos ao redor do mundo, incluindo nossos amigos e companheiros do Brasil para celebrar a liberdade da Palestina\u201d<\/em>.<\/p>\n<p>&nbsp;<\/p>\n<p>fonte: O Antagonista<\/p>\n<p>Veja mais not\u00edcias em: <a href=\"http:\/\/www.mspontocom.com.br\/\">www.mspontocom.com.br<\/a><\/p>\n<p>Nosso twitter: @mspontocom<\/p>\n<p>&nbsp;<\/p>\n<\/div>\n","protected":false},"excerpt":{"rendered":"<p>O terrorista palestino Basem Naim , alto dirigente do Hamas, afirmou que o grupo est\u00e1 \u201chonrado\u201d pelas declara\u00e7\u00f5es de Lula sobre o conflito em Gaza, dentre as quais a falsa compara\u00e7\u00e3o entre a situa\u00e7\u00e3o no Oriente M\u00e9dio e o Holocausto. \u201cEstamos muito honrados por todas as declara\u00e7\u00f5es recentes dos funcion\u00e1rios do governo, particularmente as declara\u00e7\u00f5es [&hellip;]<\/p>\n","protected":false},"author":2,"featured_media":188813,"comment_status":"open","ping_status":"open","sticky":false,"template":"","format":"standard","meta":{"_monsterinsights_skip_tracking":false,"_monsterinsights_sitenote_active":false,"_monsterinsights_sitenote_note":"","_monsterinsights_sitenote_category":0},"categories":[30260,7,30259,12],"tags":[40865,5830,40864,24011],"aioseo_notices":[],"_links":{"self":[{"href":"https:\/\/mspontocom.com.br\/site\/wp-json\/wp\/v2\/posts\/188805"}],"collection":[{"href":"https:\/\/mspontocom.com.br\/site\/wp-json\/wp\/v2\/posts"}],"about":[{"href":"https:\/\/mspontocom.com.br\/site\/wp-json\/wp\/v2\/types\/post"}],"author":[{"embeddable":true,"href":"https:\/\/mspontocom.com.br\/site\/wp-json\/wp\/v2\/users\/2"}],"replies":[{"embeddable":true,"href":"https:\/\/mspontocom.com.br\/site\/wp-json\/wp\/v2\/comments?post=188805"}],"version-history":[{"count":2,"href":"https:\/\/mspontocom.com.br\/site\/wp-json\/wp\/v2\/posts\/188805\/revisions"}],"predecessor-version":[{"id":188814,"href":"https:\/\/mspontocom.com.br\/site\/wp-json\/wp\/v2\/posts\/188805\/revisions\/188814"}],"wp:featuredmedia":[{"embeddable":true,"href":"https:\/\/mspontocom.com.br\/site\/wp-json\/wp\/v2\/media\/188813"}],"wp:attachment":[{"href":"https:\/\/mspontocom.com.br\/site\/wp-json\/wp\/v2\/media?parent=188805"}],"wp:term":[{"taxonomy":"category","embeddable":true,"href":"https:\/\/mspontocom.com.br\/site\/wp-json\/wp\/v2\/categories?post=188805"},{"taxonomy":"post_tag","embeddable":true,"href":"https:\/\/mspontocom.com.br\/site\/wp-json\/wp\/v2\/tags?post=188805"}],"curies":[{"name":"wp","href":"https:\/\/api.w.org\/{rel}","templated":true}]}}