{"id":188902,"date":"2024-03-08T07:53:44","date_gmt":"2024-03-08T11:53:44","guid":{"rendered":"https:\/\/mspontocom.com.br\/site\/?p=188902"},"modified":"2024-03-08T07:53:44","modified_gmt":"2024-03-08T11:53:44","slug":"queda-da-popularidade-de-lula-repercute-no-exterior","status":"publish","type":"post","link":"https:\/\/mspontocom.com.br\/site\/queda-da-popularidade-de-lula-repercute-no-exterior\/","title":{"rendered":"Queda da popularidade de Lula repercute no exterior"},"content":{"rendered":"<p style=\"text-align: justify;\"><img loading=\"lazy\" class=\"alignnone size-full wp-image-188918\" src=\"https:\/\/mspontocom.com.br\/site\/wp-content\/uploads\/2024\/03\/site-queda-da-popularidade-de-lula-repercute-no-exterior-lula-raiva-e1709898681262.jpg\" alt=\"\" width=\"995\" height=\"641\" srcset=\"https:\/\/mspontocom.com.br\/site\/wp-content\/uploads\/2024\/03\/site-queda-da-popularidade-de-lula-repercute-no-exterior-lula-raiva-e1709898681262.jpg 995w, https:\/\/mspontocom.com.br\/site\/wp-content\/uploads\/2024\/03\/site-queda-da-popularidade-de-lula-repercute-no-exterior-lula-raiva-e1709898681262-260x167.jpg 260w, https:\/\/mspontocom.com.br\/site\/wp-content\/uploads\/2024\/03\/site-queda-da-popularidade-de-lula-repercute-no-exterior-lula-raiva-e1709898681262-768x495.jpg 768w\" sizes=\"(max-width: 995px) 100vw, 995px\" \/>Repercutiu no exterior, especialmente em Israel, reportagem da ag\u00eancia de not\u00edcias <strong>Reuters<\/strong> que aponta a<strong> queda da aprova\u00e7\u00e3o de Lula (PT),<\/strong> ap\u00f3s comparar a a\u00e7\u00e3o de Israel na Faixa de Gaza aos nazistas.<\/p>\n<p style=\"text-align: justify;\">Depois de celebrar boas taxas de aprova\u00e7\u00e3o no come\u00e7o do ano, pela primeira vez em seu mandato, o n\u00famero de indiv\u00edduos insatisfeitos com a administra\u00e7\u00e3o do presidente Lula ultrapassa aqueles que est\u00e3o contentes, conforme indica a pesquisa de popularidade da AtlasIntel.<\/p>\n<p style=\"text-align: justify;\">O percentual de brasileiros que classificam o governo como \u201cruim e p\u00e9ssimo\u201d aumentou de 39% para 41%.<\/p>\n<p style=\"text-align: justify;\">Por outro lado, a parcela dos que consideraram como \u201c\u00f3timo e bom\u201d diminuiu de 42% para 38%.<\/p>\n<p style=\"text-align: justify;\">A alternativa \u201cregular\u201d teve um acr\u00e9scimo, passando de 16% para 18%.<\/p>\n<p style=\"text-align: justify;\">Movimentos similares no que se refere \u00e0 aceita\u00e7\u00e3o do presidente, que caiu de 52% em janeiro para 47% atualmente.<\/p>\n<p style=\"text-align: justify;\">A rejei\u00e7\u00e3o foi de 43% para 46%.<\/p>\n<p style=\"text-align: justify;\">Veja mais not\u00edcias em: <a href=\"http:\/\/www.mspontocom.com.br\/\">www.mspontocom.com.br<\/a><\/p>\n<p style=\"text-align: justify;\">Nosso twitter: @mspontocom<\/p>\n","protected":false},"excerpt":{"rendered":"<p>Repercutiu no exterior, especialmente em Israel, reportagem da ag\u00eancia de not\u00edcias Reuters que aponta a queda da aprova\u00e7\u00e3o de Lula (PT), ap\u00f3s comparar a a\u00e7\u00e3o de Israel na Faixa de Gaza aos nazistas. Depois de celebrar boas taxas de aprova\u00e7\u00e3o no come\u00e7o do ano, pela primeira vez em seu mandato, o n\u00famero de indiv\u00edduos insatisfeitos [&hellip;]<\/p>\n","protected":false},"author":2,"featured_media":188918,"comment_status":"open","ping_status":"open","sticky":false,"template":"","format":"standard","meta":{"_monsterinsights_skip_tracking":false,"_monsterinsights_sitenote_active":false,"_monsterinsights_sitenote_note":"","_monsterinsights_sitenote_category":0},"categories":[30260,7,30259,12],"tags":[21225,480,4403,2511],"aioseo_notices":[],"_links":{"self":[{"href":"https:\/\/mspontocom.com.br\/site\/wp-json\/wp\/v2\/posts\/188902"}],"collection":[{"href":"https:\/\/mspontocom.com.br\/site\/wp-json\/wp\/v2\/posts"}],"about":[{"href":"https:\/\/mspontocom.com.br\/site\/wp-json\/wp\/v2\/types\/post"}],"author":[{"embeddable":true,"href":"https:\/\/mspontocom.com.br\/site\/wp-json\/wp\/v2\/users\/2"}],"replies":[{"embeddable":true,"href":"https:\/\/mspontocom.com.br\/site\/wp-json\/wp\/v2\/comments?post=188902"}],"version-history":[{"count":2,"href":"https:\/\/mspontocom.com.br\/site\/wp-json\/wp\/v2\/posts\/188902\/revisions"}],"predecessor-version":[{"id":188919,"href":"https:\/\/mspontocom.com.br\/site\/wp-json\/wp\/v2\/posts\/188902\/revisions\/188919"}],"wp:featuredmedia":[{"embeddable":true,"href":"https:\/\/mspontocom.com.br\/site\/wp-json\/wp\/v2\/media\/188918"}],"wp:attachment":[{"href":"https:\/\/mspontocom.com.br\/site\/wp-json\/wp\/v2\/media?parent=188902"}],"wp:term":[{"taxonomy":"category","embeddable":true,"href":"https:\/\/mspontocom.com.br\/site\/wp-json\/wp\/v2\/categories?post=188902"},{"taxonomy":"post_tag","embeddable":true,"href":"https:\/\/mspontocom.com.br\/site\/wp-json\/wp\/v2\/tags?post=188902"}],"curies":[{"name":"wp","href":"https:\/\/api.w.org\/{rel}","templated":true}]}}