{"id":188947,"date":"2024-03-10T06:54:51","date_gmt":"2024-03-10T10:54:51","guid":{"rendered":"https:\/\/mspontocom.com.br\/site\/?p=188947"},"modified":"2024-03-10T06:54:51","modified_gmt":"2024-03-10T10:54:51","slug":"nobel-da-paz-critica-ignorancia-de-lula-sobre-o-ira","status":"publish","type":"post","link":"https:\/\/mspontocom.com.br\/site\/nobel-da-paz-critica-ignorancia-de-lula-sobre-o-ira\/","title":{"rendered":"Nobel da Paz critica ignor\u00e2ncia de Lula sobre o Ir\u00e3"},"content":{"rendered":"<p style=\"text-align: justify;\"><img loading=\"lazy\" class=\"alignnone size-full wp-image-188948\" src=\"https:\/\/mspontocom.com.br\/site\/wp-content\/uploads\/2024\/03\/site-nobel-da-paz-critica-ignorancia-de-lula-sobre-o-ira-shirin-ebadi.webp\" alt=\"\" width=\"1200\" height=\"800\" srcset=\"https:\/\/mspontocom.com.br\/site\/wp-content\/uploads\/2024\/03\/site-nobel-da-paz-critica-ignorancia-de-lula-sobre-o-ira-shirin-ebadi.webp 1200w, https:\/\/mspontocom.com.br\/site\/wp-content\/uploads\/2024\/03\/site-nobel-da-paz-critica-ignorancia-de-lula-sobre-o-ira-shirin-ebadi-260x173.webp 260w, https:\/\/mspontocom.com.br\/site\/wp-content\/uploads\/2024\/03\/site-nobel-da-paz-critica-ignorancia-de-lula-sobre-o-ira-shirin-ebadi-1024x683.webp 1024w, https:\/\/mspontocom.com.br\/site\/wp-content\/uploads\/2024\/03\/site-nobel-da-paz-critica-ignorancia-de-lula-sobre-o-ira-shirin-ebadi-768x512.webp 768w\" sizes=\"(max-width: 1200px) 100vw, 1200px\" \/>A ativista pelos direitos humanos iraniana e Vencedora do<strong> Nobel da Paz<\/strong> de 2003, a ativista pelos direitos humanos iraniana, <strong>Shrin Ebadi<\/strong>, criticou o sil\u00eancio de <strong>Lula<\/strong> sobre o autoritarismo do regime teocr\u00e1tico do Ir\u00e3.<\/p>\n<p style=\"text-align: justify;\">Ebadi disse \u00e0 Folha de S\u00e3o Paulo, que Lula est\u00e1 desinformado quando critica a a\u00e7\u00e3o do Estado de Israel em Gaza e passa pano para o regime de Teer\u00e3.<\/p>\n<p style=\"text-align: justify;\"><span style=\"font-size: 14pt;\"><em>\u201cLamento com amargura que o presidente Lula n\u00e3o esteja bem informado, o que o levou a fazer uma visita ao Ir\u00e3 [em 2010] e a apoiar o regime iraniano\u201d,<\/em><\/span>\u00a0afirmou a ativista.<\/p>\n<p style=\"text-align: justify;\">Ebadi escancara, em sua declara\u00e7\u00e3o, o vexame diplom\u00e1tico protagonizado por Lula, consenso at\u00e9 mesmo entre intelectuais de esquerda.<\/p>\n<p>&nbsp;<\/p>\n<p>Veja mais not\u00edcias em: <a href=\"http:\/\/www.mspontocom.com.br\/\">www.mspontocom.com.br<\/a><\/p>\n<p>Nosso twitter: @mspontocom<\/p>\n","protected":false},"excerpt":{"rendered":"<p>A ativista pelos direitos humanos iraniana e Vencedora do Nobel da Paz de 2003, a ativista pelos direitos humanos iraniana, Shrin Ebadi, criticou o sil\u00eancio de Lula sobre o autoritarismo do regime teocr\u00e1tico do Ir\u00e3. Ebadi disse \u00e0 Folha de S\u00e3o Paulo, que Lula est\u00e1 desinformado quando critica a a\u00e7\u00e3o do Estado de Israel em [&hellip;]<\/p>\n","protected":false},"author":2,"featured_media":188948,"comment_status":"open","ping_status":"open","sticky":false,"template":"","format":"standard","meta":{"_monsterinsights_skip_tracking":false,"_monsterinsights_sitenote_active":false,"_monsterinsights_sitenote_note":"","_monsterinsights_sitenote_category":0},"categories":[30260,7,30259,12],"tags":[40890,40891,126],"aioseo_notices":[],"_links":{"self":[{"href":"https:\/\/mspontocom.com.br\/site\/wp-json\/wp\/v2\/posts\/188947"}],"collection":[{"href":"https:\/\/mspontocom.com.br\/site\/wp-json\/wp\/v2\/posts"}],"about":[{"href":"https:\/\/mspontocom.com.br\/site\/wp-json\/wp\/v2\/types\/post"}],"author":[{"embeddable":true,"href":"https:\/\/mspontocom.com.br\/site\/wp-json\/wp\/v2\/users\/2"}],"replies":[{"embeddable":true,"href":"https:\/\/mspontocom.com.br\/site\/wp-json\/wp\/v2\/comments?post=188947"}],"version-history":[{"count":1,"href":"https:\/\/mspontocom.com.br\/site\/wp-json\/wp\/v2\/posts\/188947\/revisions"}],"predecessor-version":[{"id":188949,"href":"https:\/\/mspontocom.com.br\/site\/wp-json\/wp\/v2\/posts\/188947\/revisions\/188949"}],"wp:featuredmedia":[{"embeddable":true,"href":"https:\/\/mspontocom.com.br\/site\/wp-json\/wp\/v2\/media\/188948"}],"wp:attachment":[{"href":"https:\/\/mspontocom.com.br\/site\/wp-json\/wp\/v2\/media?parent=188947"}],"wp:term":[{"taxonomy":"category","embeddable":true,"href":"https:\/\/mspontocom.com.br\/site\/wp-json\/wp\/v2\/categories?post=188947"},{"taxonomy":"post_tag","embeddable":true,"href":"https:\/\/mspontocom.com.br\/site\/wp-json\/wp\/v2\/tags?post=188947"}],"curies":[{"name":"wp","href":"https:\/\/api.w.org\/{rel}","templated":true}]}}