{"id":188961,"date":"2024-03-11T06:02:40","date_gmt":"2024-03-11T10:02:40","guid":{"rendered":"https:\/\/mspontocom.com.br\/site\/?p=188961"},"modified":"2024-03-11T06:02:40","modified_gmt":"2024-03-11T10:02:40","slug":"lava-jato-stf-e-vexame-internacional-na-the-economist","status":"publish","type":"post","link":"https:\/\/mspontocom.com.br\/site\/lava-jato-stf-e-vexame-internacional-na-the-economist\/","title":{"rendered":"Lava Jato: STF \u00e9 vexame internacional na The Economist"},"content":{"rendered":"<div class=\"video-destaque-desktop\">\n<div class=\"video-destaque-desktop__description\">\n<p style=\"text-align: justify;\"><img loading=\"lazy\" class=\"alignnone size-full wp-image-188977\" src=\"https:\/\/mspontocom.com.br\/site\/wp-content\/uploads\/2024\/03\/site-lava-jato-stf-e-vexame-internacional-na-the-economist-moro-lula.jpg\" alt=\"\" width=\"750\" height=\"500\" srcset=\"https:\/\/mspontocom.com.br\/site\/wp-content\/uploads\/2024\/03\/site-lava-jato-stf-e-vexame-internacional-na-the-economist-moro-lula.jpg 750w, https:\/\/mspontocom.com.br\/site\/wp-content\/uploads\/2024\/03\/site-lava-jato-stf-e-vexame-internacional-na-the-economist-moro-lula-260x173.jpg 260w\" sizes=\"(max-width: 750px) 100vw, 750px\" \/>Reportagem publicada pela<strong> The Economist<\/strong> sobre o aumento da corrup\u00e7\u00e3o na Am\u00e9rica Latina tem o ministro Dias Toffoli, do STF, como protagonista.<\/p>\n<p style=\"text-align: justify;\">A revista brit\u00e2nica faz refer\u00eancia a<strong> Opera\u00e7\u00e3o Lava Jato<\/strong> e menciona a suspens\u00e3o dos acordos de leni\u00eancia da Novonor (antiga Odebrecht) e da J&amp;F, dos irm\u00e3os Batista.<\/p>\n<p style=\"text-align: justify;\">Lula foi condenado a 9 anos e 6 meses de pris\u00e3o em regime fechado pelo ent\u00e3o juiz\u00a0 <strong>S\u00e9rgio Moro<\/strong> e sua pena foi aumentada em outros tribunais.<\/p>\n<p style=\"text-align: justify;\">Em mar\u00e7o de 2021, o ministro Luiz Edson Fachin, do STF determinou a anula\u00e7\u00e3o de todas as decis\u00f5es tomadas pela 13\u00aa Vara Federal de Curitiba e <strong>jogando no lixo a Justi\u00e7a Brasileira,<\/strong> soltou Lula.<\/p>\n<p style=\"text-align: justify;\">Veja mais not\u00edcias em: <a href=\"http:\/\/www.mspontocom.com.br\/\">www.mspontocom.com.br<\/a><\/p>\n<p style=\"text-align: justify;\">Nosso twitter: @mspontocom<\/p>\n<\/div>\n<\/div>\n","protected":false},"excerpt":{"rendered":"<p>Reportagem publicada pela The Economist sobre o aumento da corrup\u00e7\u00e3o na Am\u00e9rica Latina tem o ministro Dias Toffoli, do STF, como protagonista. A revista brit\u00e2nica faz refer\u00eancia a Opera\u00e7\u00e3o Lava Jato e menciona a suspens\u00e3o dos acordos de leni\u00eancia da Novonor (antiga Odebrecht) e da J&amp;F, dos irm\u00e3os Batista. Lula foi condenado a 9 anos [&hellip;]<\/p>\n","protected":false},"author":2,"featured_media":188977,"comment_status":"open","ping_status":"open","sticky":false,"template":"","format":"standard","meta":{"_monsterinsights_skip_tracking":false,"_monsterinsights_sitenote_active":false,"_monsterinsights_sitenote_note":"","_monsterinsights_sitenote_category":0},"categories":[2528,7,12],"tags":[21419,3809,3014,24553,40896],"aioseo_notices":[],"_links":{"self":[{"href":"https:\/\/mspontocom.com.br\/site\/wp-json\/wp\/v2\/posts\/188961"}],"collection":[{"href":"https:\/\/mspontocom.com.br\/site\/wp-json\/wp\/v2\/posts"}],"about":[{"href":"https:\/\/mspontocom.com.br\/site\/wp-json\/wp\/v2\/types\/post"}],"author":[{"embeddable":true,"href":"https:\/\/mspontocom.com.br\/site\/wp-json\/wp\/v2\/users\/2"}],"replies":[{"embeddable":true,"href":"https:\/\/mspontocom.com.br\/site\/wp-json\/wp\/v2\/comments?post=188961"}],"version-history":[{"count":2,"href":"https:\/\/mspontocom.com.br\/site\/wp-json\/wp\/v2\/posts\/188961\/revisions"}],"predecessor-version":[{"id":188978,"href":"https:\/\/mspontocom.com.br\/site\/wp-json\/wp\/v2\/posts\/188961\/revisions\/188978"}],"wp:featuredmedia":[{"embeddable":true,"href":"https:\/\/mspontocom.com.br\/site\/wp-json\/wp\/v2\/media\/188977"}],"wp:attachment":[{"href":"https:\/\/mspontocom.com.br\/site\/wp-json\/wp\/v2\/media?parent=188961"}],"wp:term":[{"taxonomy":"category","embeddable":true,"href":"https:\/\/mspontocom.com.br\/site\/wp-json\/wp\/v2\/categories?post=188961"},{"taxonomy":"post_tag","embeddable":true,"href":"https:\/\/mspontocom.com.br\/site\/wp-json\/wp\/v2\/tags?post=188961"}],"curies":[{"name":"wp","href":"https:\/\/api.w.org\/{rel}","templated":true}]}}