{"id":189029,"date":"2024-03-12T04:39:49","date_gmt":"2024-03-12T08:39:49","guid":{"rendered":"https:\/\/mspontocom.com.br\/site\/?p=189029"},"modified":"2024-03-12T06:46:30","modified_gmt":"2024-03-12T10:46:30","slug":"observatorio-da-unesp-realiza-evento-gratuito-mulheres-na-astronomia","status":"publish","type":"post","link":"https:\/\/mspontocom.com.br\/site\/observatorio-da-unesp-realiza-evento-gratuito-mulheres-na-astronomia\/","title":{"rendered":"Observat\u00f3rio da Unesp realiza evento gratuito: Mulheres na Astronomia"},"content":{"rendered":"<p style=\"text-align: justify;\"><img loading=\"lazy\" class=\"alignnone size-full wp-image-189030\" src=\"https:\/\/mspontocom.com.br\/site\/wp-content\/uploads\/2024\/03\/site-observatorio-da-unesp-realiza-evento-gratuito-mulheres-na-astronomia-observatorio-bauru-unesp-1240x540-1-e1710240287276.jpg\" alt=\"\" width=\"951\" height=\"511\" srcset=\"https:\/\/mspontocom.com.br\/site\/wp-content\/uploads\/2024\/03\/site-observatorio-da-unesp-realiza-evento-gratuito-mulheres-na-astronomia-observatorio-bauru-unesp-1240x540-1-e1710240287276.jpg 951w, https:\/\/mspontocom.com.br\/site\/wp-content\/uploads\/2024\/03\/site-observatorio-da-unesp-realiza-evento-gratuito-mulheres-na-astronomia-observatorio-bauru-unesp-1240x540-1-e1710240287276-260x140.jpg 260w, https:\/\/mspontocom.com.br\/site\/wp-content\/uploads\/2024\/03\/site-observatorio-da-unesp-realiza-evento-gratuito-mulheres-na-astronomia-observatorio-bauru-unesp-1240x540-1-e1710240287276-768x413.jpg 768w\" sizes=\"(max-width: 951px) 100vw, 951px\" \/>O Observat\u00f3rio Did\u00e1tico de Astronomia da Unesp realizar\u00e1 seu primeiro atendimento p\u00fablico deste ano com um tema muito especial: <strong>&#8220;Mulheres na Astronomia&#8221;<\/strong>.<\/p>\n<p style=\"text-align: justify;\">Al\u00e9m dos telesc\u00f3pios, oficinas infantis, atividades, exposi\u00e7\u00f5es e v\u00eddeos, haver\u00e1 palestras sobre importantes mulheres cientistas que se destacaram na \u00e1rea da Astronomia (as observa\u00e7\u00f5es do c\u00e9u dependem das condi\u00e7\u00f5es do tempo e das nuvens).<\/p>\n<p style=\"text-align: justify;\">Toda a comunidade est\u00e1 convidada a\u00a0 visitar gratuitamente.<\/p>\n<p style=\"text-align: justify;\">N\u00e3o \u00e9 necess\u00e1rio agendamento antecipado.<\/p>\n<p style=\"text-align: justify;\">Os port\u00f5es ficar\u00e3o abertos das 19:00 \u00e0s 22:00 do dia 16\/03\/24.<\/p>\n<p>Este atendimento do Observat\u00f3rio da UNESP est\u00e1 cadastrado na Outreach Global da IAU (Uni\u00e3o Astron\u00f4mica Internacional) no Projeto Women and Girls in Astronomy.<\/p>\n<p>&#8211; &#8211; &#8211; &#8211;<br \/>\n<b>Anote a\u00ed:<\/b><br \/>\nData: 16\/03\/23<br \/>\nHor\u00e1rio: abertura do port\u00e3o \u00e0s 19:00 e fechamento \u00e0s 22:00<br \/>\nLocal: Observat\u00f3rio Did\u00e1tico de Astronomia &#8220;Lionel Jos\u00e9 Andriatto&#8221;: Estrada Municipal Jos\u00e9 Sandrin &#8211; Ch\u00e1caras Bauruenses (dentro do IPMet)<br \/>\n&#8211; &#8211; &#8211; &#8211;<br \/>\n<a href=\"http:\/\/www.fc.unesp.br\/observatorio\" target=\"_blank\" rel=\"noopener\" data-saferedirecturl=\"https:\/\/www.google.com\/url?q=http:\/\/www.fc.unesp.br\/observatorio&amp;source=gmail&amp;ust=1710324578457000&amp;usg=AOvVaw07tihEowdm3gyECEPlgh_P\">www.fc.unesp.br\/observatorio<\/a><br \/>\n<a href=\"mailto:obsbauru@gmail.com\" target=\"_blank\" rel=\"noopener\">obsbauru@gmail.com<\/a>\u00a0| (11) 97733-9149 | (14) 3103-6030<\/p>\n<p style=\"text-align: justify;\">Acompanhe as Redes Sociais do Observat\u00f3rio para mais informa\u00e7\u00f5es:\u00a0<a href=\"http:\/\/facebook.com\/obsbauru\" target=\"_blank\" rel=\"noopener\" data-saferedirecturl=\"https:\/\/www.google.com\/url?q=http:\/\/facebook.com\/obsbauru&amp;source=gmail&amp;ust=1710324578457000&amp;usg=AOvVaw0jtRvZmYmk4vC_aWyB6EQ6\">facebook.com\/obsbauru<\/a>\u00a0| @obsbauru<\/p>\n<p style=\"text-align: justify;\">\n<p style=\"text-align: justify;\">Veja mais not\u00edcias em: <a href=\"http:\/\/www.mspontocom.com.br\/\">www.mspontocom.com.br<\/a><\/p>\n<p style=\"text-align: justify;\">Nosso twitter: @mspontocom<\/p>\n","protected":false},"excerpt":{"rendered":"<p>O Observat\u00f3rio Did\u00e1tico de Astronomia da Unesp realizar\u00e1 seu primeiro atendimento p\u00fablico deste ano com um tema muito especial: &#8220;Mulheres na Astronomia&#8221;. Al\u00e9m dos telesc\u00f3pios, oficinas infantis, atividades, exposi\u00e7\u00f5es e v\u00eddeos, haver\u00e1 palestras sobre importantes mulheres cientistas que se destacaram na \u00e1rea da Astronomia (as observa\u00e7\u00f5es do c\u00e9u dependem das condi\u00e7\u00f5es do tempo e das [&hellip;]<\/p>\n","protected":false},"author":2,"featured_media":189030,"comment_status":"open","ping_status":"open","sticky":false,"template":"","format":"standard","meta":{"_monsterinsights_skip_tracking":false,"_monsterinsights_sitenote_active":false,"_monsterinsights_sitenote_note":"","_monsterinsights_sitenote_category":0},"categories":[7752],"tags":[27383,40908,21955,13480],"aioseo_notices":[],"_links":{"self":[{"href":"https:\/\/mspontocom.com.br\/site\/wp-json\/wp\/v2\/posts\/189029"}],"collection":[{"href":"https:\/\/mspontocom.com.br\/site\/wp-json\/wp\/v2\/posts"}],"about":[{"href":"https:\/\/mspontocom.com.br\/site\/wp-json\/wp\/v2\/types\/post"}],"author":[{"embeddable":true,"href":"https:\/\/mspontocom.com.br\/site\/wp-json\/wp\/v2\/users\/2"}],"replies":[{"embeddable":true,"href":"https:\/\/mspontocom.com.br\/site\/wp-json\/wp\/v2\/comments?post=189029"}],"version-history":[{"count":1,"href":"https:\/\/mspontocom.com.br\/site\/wp-json\/wp\/v2\/posts\/189029\/revisions"}],"predecessor-version":[{"id":189031,"href":"https:\/\/mspontocom.com.br\/site\/wp-json\/wp\/v2\/posts\/189029\/revisions\/189031"}],"wp:featuredmedia":[{"embeddable":true,"href":"https:\/\/mspontocom.com.br\/site\/wp-json\/wp\/v2\/media\/189030"}],"wp:attachment":[{"href":"https:\/\/mspontocom.com.br\/site\/wp-json\/wp\/v2\/media?parent=189029"}],"wp:term":[{"taxonomy":"category","embeddable":true,"href":"https:\/\/mspontocom.com.br\/site\/wp-json\/wp\/v2\/categories?post=189029"},{"taxonomy":"post_tag","embeddable":true,"href":"https:\/\/mspontocom.com.br\/site\/wp-json\/wp\/v2\/tags?post=189029"}],"curies":[{"name":"wp","href":"https:\/\/api.w.org\/{rel}","templated":true}]}}