{"id":189569,"date":"2024-04-01T04:07:37","date_gmt":"2024-04-01T08:07:37","guid":{"rendered":"https:\/\/mspontocom.com.br\/site\/?p=189569"},"modified":"2024-04-01T05:17:50","modified_gmt":"2024-04-01T09:17:50","slug":"pt-assina-acordo-de-cooperacao-com-partido-comunista-de-cuba","status":"publish","type":"post","link":"https:\/\/mspontocom.com.br\/site\/pt-assina-acordo-de-cooperacao-com-partido-comunista-de-cuba\/","title":{"rendered":"PT assina acordo de coopera\u00e7\u00e3o com Partido Comunista de Cuba"},"content":{"rendered":"<p style=\"text-align: justify;\"><img loading=\"lazy\" class=\"alignnone size-full wp-image-189570\" src=\"https:\/\/mspontocom.com.br\/site\/wp-content\/uploads\/2024\/04\/site-pt-assina-acordo-de-cooperacao-com-partido-comunista-de-cuba-gleisi-cuba.jpeg\" alt=\"\" width=\"1024\" height=\"682\" srcset=\"https:\/\/mspontocom.com.br\/site\/wp-content\/uploads\/2024\/04\/site-pt-assina-acordo-de-cooperacao-com-partido-comunista-de-cuba-gleisi-cuba.jpeg 1024w, https:\/\/mspontocom.com.br\/site\/wp-content\/uploads\/2024\/04\/site-pt-assina-acordo-de-cooperacao-com-partido-comunista-de-cuba-gleisi-cuba-260x173.jpeg 260w, https:\/\/mspontocom.com.br\/site\/wp-content\/uploads\/2024\/04\/site-pt-assina-acordo-de-cooperacao-com-partido-comunista-de-cuba-gleisi-cuba-768x512.jpeg 768w\" sizes=\"(max-width: 1024px) 100vw, 1024px\" \/>A presidente nacional do PT e deputada federal\u00a0<strong> Gleisi Hoffmann<\/strong>, esteve em Cuba, nesta semana, e assinou um acordo de coopera\u00e7\u00e3o e interc\u00e2mbio com o<strong> Partido Comunista cubano.<\/strong><\/p>\n<p style=\"text-align: justify;\">Segundo os envolvidos, as tratativas visam refor\u00e7ar os la\u00e7os e fortalecer a troca de experi\u00eancias entre as siglas.<\/p>\n<p style=\"text-align: justify;\">A deputada, em suas redes sociais, afirmou ter transmitido ao l\u00edder cubano, Miguel D\u00edaz-Canel, o interesse que tem em dialogar <strong>&#8220;sobre o que mais o Brasil pode fazer para ajudar Cuba, em meio ao bloqueio que est\u00e1 sofrendo&#8221;.<\/strong><\/p>\n<p style=\"text-align: justify;\">Pelo lado cubano, D\u00edaz-Canel (na foto ao centro) ressaltou os <strong>v\u00ednculos entre o PT e o Partido Comunista,<\/strong> al\u00e9m de reafirmar a necessidade de aprofund\u00e1-los.<\/p>\n<p style=\"text-align: justify;\">H\u00e1 algumas semanas, centenas de cubanos foram \u00e0s ruas protestar contra os apag\u00f5es de luz e a falta de comida.<\/p>\n<p style=\"text-align: justify;\">O governo de Cuba culpa os Estados Unidos pela situa\u00e7\u00e3o econ\u00f4mica na ilha.<\/p>\n<p style=\"text-align: justify;\">fonte: Gazeta do Povo<\/p>\n<p style=\"text-align: justify;\">Veja mais not\u00edcias em: <a href=\"http:\/\/www.mspontocom.com.br\/\">www.mspontocom.com.br<\/a><\/p>\n<p style=\"text-align: justify;\">Nosso twitter: @mspontocom<\/p>\n<p style=\"text-align: justify;\">\n","protected":false},"excerpt":{"rendered":"<p>A presidente nacional do PT e deputada federal\u00a0 Gleisi Hoffmann, esteve em Cuba, nesta semana, e assinou um acordo de coopera\u00e7\u00e3o e interc\u00e2mbio com o Partido Comunista cubano. Segundo os envolvidos, as tratativas visam refor\u00e7ar os la\u00e7os e fortalecer a troca de experi\u00eancias entre as siglas. A deputada, em suas redes sociais, afirmou ter transmitido [&hellip;]<\/p>\n","protected":false},"author":2,"featured_media":189570,"comment_status":"open","ping_status":"open","sticky":false,"template":"","format":"standard","meta":{"_monsterinsights_skip_tracking":false,"_monsterinsights_sitenote_active":false,"_monsterinsights_sitenote_note":"","_monsterinsights_sitenote_category":0},"categories":[30260,15,7,30259,12],"tags":[],"aioseo_notices":[],"_links":{"self":[{"href":"https:\/\/mspontocom.com.br\/site\/wp-json\/wp\/v2\/posts\/189569"}],"collection":[{"href":"https:\/\/mspontocom.com.br\/site\/wp-json\/wp\/v2\/posts"}],"about":[{"href":"https:\/\/mspontocom.com.br\/site\/wp-json\/wp\/v2\/types\/post"}],"author":[{"embeddable":true,"href":"https:\/\/mspontocom.com.br\/site\/wp-json\/wp\/v2\/users\/2"}],"replies":[{"embeddable":true,"href":"https:\/\/mspontocom.com.br\/site\/wp-json\/wp\/v2\/comments?post=189569"}],"version-history":[{"count":1,"href":"https:\/\/mspontocom.com.br\/site\/wp-json\/wp\/v2\/posts\/189569\/revisions"}],"predecessor-version":[{"id":189571,"href":"https:\/\/mspontocom.com.br\/site\/wp-json\/wp\/v2\/posts\/189569\/revisions\/189571"}],"wp:featuredmedia":[{"embeddable":true,"href":"https:\/\/mspontocom.com.br\/site\/wp-json\/wp\/v2\/media\/189570"}],"wp:attachment":[{"href":"https:\/\/mspontocom.com.br\/site\/wp-json\/wp\/v2\/media?parent=189569"}],"wp:term":[{"taxonomy":"category","embeddable":true,"href":"https:\/\/mspontocom.com.br\/site\/wp-json\/wp\/v2\/categories?post=189569"},{"taxonomy":"post_tag","embeddable":true,"href":"https:\/\/mspontocom.com.br\/site\/wp-json\/wp\/v2\/tags?post=189569"}],"curies":[{"name":"wp","href":"https:\/\/api.w.org\/{rel}","templated":true}]}}