{"id":189590,"date":"2024-04-01T10:31:57","date_gmt":"2024-04-01T14:31:57","guid":{"rendered":"https:\/\/mspontocom.com.br\/site\/?p=189590"},"modified":"2024-04-01T10:51:32","modified_gmt":"2024-04-01T14:51:32","slug":"viviane-fontoura-empresaria-e-lider-comunitaria-se-filia-ao-psdb-de-campo-grande","status":"publish","type":"post","link":"https:\/\/mspontocom.com.br\/site\/viviane-fontoura-empresaria-e-lider-comunitaria-se-filia-ao-psdb-de-campo-grande\/","title":{"rendered":"Viviane Fontoura, empres\u00e1ria e l\u00edder comunit\u00e1ria se filia ao PSDB de Campo Grande"},"content":{"rendered":"<p style=\"text-align: justify;\"><img loading=\"lazy\" class=\"alignnone size-medium wp-image-189601\" src=\"https:\/\/mspontocom.com.br\/site\/wp-content\/uploads\/2024\/04\/site-viviane-fontoura-empresaria-e-lider-comunitaria-se-filia-ao-psdb-de-campo-grande-img-6715-1-260x195.jpeg\" alt=\"\" width=\"260\" height=\"195\" srcset=\"https:\/\/mspontocom.com.br\/site\/wp-content\/uploads\/2024\/04\/site-viviane-fontoura-empresaria-e-lider-comunitaria-se-filia-ao-psdb-de-campo-grande-img-6715-1-260x195.jpeg 260w, https:\/\/mspontocom.com.br\/site\/wp-content\/uploads\/2024\/04\/site-viviane-fontoura-empresaria-e-lider-comunitaria-se-filia-ao-psdb-de-campo-grande-img-6715-1-1024x768.jpeg 1024w, https:\/\/mspontocom.com.br\/site\/wp-content\/uploads\/2024\/04\/site-viviane-fontoura-empresaria-e-lider-comunitaria-se-filia-ao-psdb-de-campo-grande-img-6715-1-768x576.jpeg 768w, https:\/\/mspontocom.com.br\/site\/wp-content\/uploads\/2024\/04\/site-viviane-fontoura-empresaria-e-lider-comunitaria-se-filia-ao-psdb-de-campo-grande-img-6715-1-1536x1152.jpeg 1536w, https:\/\/mspontocom.com.br\/site\/wp-content\/uploads\/2024\/04\/site-viviane-fontoura-empresaria-e-lider-comunitaria-se-filia-ao-psdb-de-campo-grande-img-6715-1-2048x1536.jpeg 2048w\" sizes=\"(max-width: 260px) 100vw, 260px\" \/><\/p>\n<p style=\"text-align: justify;\">A empres\u00e1ria e l\u00edder comunit\u00e1ria, <strong>Viviane Foutoura<\/strong>, se filiou nesta segunda-feira no PSDB, partido do governador<strong> Eduardo Riedel.<\/strong><\/p>\n<p style=\"text-align: justify;\">Autoridades da alta c\u00fapula do partido participaram da filia\u00e7\u00e3o de Viviane.<\/p>\n<p style=\"text-align: justify;\">O ex-governador e atual presidente do PSDB- MS <strong>Reinaldo Azambuja<\/strong> destacou que a filia\u00e7\u00e3o de Viviane Fontoura representa a <strong>for\u00e7a feminina<\/strong> e refor\u00e7a o quadro do partido para as elei\u00e7\u00f5es municipais de 2024 em\u00a0 Campo Grande.<\/p>\n<p><img loading=\"lazy\" class=\"alignnone size-full wp-image-189599\" src=\"https:\/\/mspontocom.com.br\/site\/wp-content\/uploads\/2024\/04\/site-viviane-fontoura-empresaria-e-lider-comunitaria-se-filia-ao-psdb-de-campo-grande-whatsapp-image-2024-04-01-at-11.17.41-am-2-e1711982431580.jpeg\" alt=\"\" width=\"1086\" height=\"1056\" srcset=\"https:\/\/mspontocom.com.br\/site\/wp-content\/uploads\/2024\/04\/site-viviane-fontoura-empresaria-e-lider-comunitaria-se-filia-ao-psdb-de-campo-grande-whatsapp-image-2024-04-01-at-11.17.41-am-2-e1711982431580.jpeg 1086w, https:\/\/mspontocom.com.br\/site\/wp-content\/uploads\/2024\/04\/site-viviane-fontoura-empresaria-e-lider-comunitaria-se-filia-ao-psdb-de-campo-grande-whatsapp-image-2024-04-01-at-11.17.41-am-2-e1711982431580-260x253.jpeg 260w, https:\/\/mspontocom.com.br\/site\/wp-content\/uploads\/2024\/04\/site-viviane-fontoura-empresaria-e-lider-comunitaria-se-filia-ao-psdb-de-campo-grande-whatsapp-image-2024-04-01-at-11.17.41-am-2-e1711982431580-1024x996.jpeg 1024w, https:\/\/mspontocom.com.br\/site\/wp-content\/uploads\/2024\/04\/site-viviane-fontoura-empresaria-e-lider-comunitaria-se-filia-ao-psdb-de-campo-grande-whatsapp-image-2024-04-01-at-11.17.41-am-2-e1711982431580-768x747.jpeg 768w\" sizes=\"(max-width: 1086px) 100vw, 1086px\" \/><\/p>\n<p style=\"text-align: justify;\">Demonstrando a for\u00e7a da pr\u00e9-candidata tamb\u00e9m participaram do evento o diretor-presidente da Agems, <strong>Carlos Alberto de Assis<\/strong> e o secret\u00e1rio-executivo do PSDB em Bras\u00edlia, <strong>Sergio de Paula,\u00a0 <\/strong>e do deputado federal <strong>Geraldo Rezende<\/strong> al\u00e9m de outras autoridades do estado.<\/p>\n<p style=\"text-align: justify;\">Veja mais not\u00edcias em: <a href=\"http:\/\/www.mspontocom.com.br\/\">www.mspontocom.com.br<\/a><\/p>\n<p>Nosso twitter: @mspontocom<\/p>\n<p>&nbsp;<\/p>\n","protected":false},"excerpt":{"rendered":"<p>A empres\u00e1ria e l\u00edder comunit\u00e1ria, Viviane Foutoura, se filiou nesta segunda-feira no PSDB, partido do governador Eduardo Riedel. Autoridades da alta c\u00fapula do partido participaram da filia\u00e7\u00e3o de Viviane. O ex-governador e atual presidente do PSDB- MS Reinaldo Azambuja destacou que a filia\u00e7\u00e3o de Viviane Fontoura representa a for\u00e7a feminina e refor\u00e7a o quadro do [&hellip;]<\/p>\n","protected":false},"author":2,"featured_media":189601,"comment_status":"open","ping_status":"open","sticky":false,"template":"","format":"standard","meta":{"_monsterinsights_skip_tracking":false,"_monsterinsights_sitenote_active":false,"_monsterinsights_sitenote_note":"","_monsterinsights_sitenote_category":0},"categories":[4328,12],"tags":[123,34823,532,40643],"aioseo_notices":[],"_links":{"self":[{"href":"https:\/\/mspontocom.com.br\/site\/wp-json\/wp\/v2\/posts\/189590"}],"collection":[{"href":"https:\/\/mspontocom.com.br\/site\/wp-json\/wp\/v2\/posts"}],"about":[{"href":"https:\/\/mspontocom.com.br\/site\/wp-json\/wp\/v2\/types\/post"}],"author":[{"embeddable":true,"href":"https:\/\/mspontocom.com.br\/site\/wp-json\/wp\/v2\/users\/2"}],"replies":[{"embeddable":true,"href":"https:\/\/mspontocom.com.br\/site\/wp-json\/wp\/v2\/comments?post=189590"}],"version-history":[{"count":6,"href":"https:\/\/mspontocom.com.br\/site\/wp-json\/wp\/v2\/posts\/189590\/revisions"}],"predecessor-version":[{"id":189603,"href":"https:\/\/mspontocom.com.br\/site\/wp-json\/wp\/v2\/posts\/189590\/revisions\/189603"}],"wp:featuredmedia":[{"embeddable":true,"href":"https:\/\/mspontocom.com.br\/site\/wp-json\/wp\/v2\/media\/189601"}],"wp:attachment":[{"href":"https:\/\/mspontocom.com.br\/site\/wp-json\/wp\/v2\/media?parent=189590"}],"wp:term":[{"taxonomy":"category","embeddable":true,"href":"https:\/\/mspontocom.com.br\/site\/wp-json\/wp\/v2\/categories?post=189590"},{"taxonomy":"post_tag","embeddable":true,"href":"https:\/\/mspontocom.com.br\/site\/wp-json\/wp\/v2\/tags?post=189590"}],"curies":[{"name":"wp","href":"https:\/\/api.w.org\/{rel}","templated":true}]}}