{"id":189798,"date":"2024-04-08T04:29:14","date_gmt":"2024-04-08T08:29:14","guid":{"rendered":"https:\/\/mspontocom.com.br\/site\/?p=189798"},"modified":"2024-04-08T06:28:27","modified_gmt":"2024-04-08T10:28:27","slug":"sebrae-anuncia-os-cursos-gratuitos-de-abril-em-campo-grande","status":"publish","type":"post","link":"https:\/\/mspontocom.com.br\/site\/sebrae-anuncia-os-cursos-gratuitos-de-abril-em-campo-grande\/","title":{"rendered":"Sebrae anuncia os cursos gratuitos de abril em Campo Grande"},"content":{"rendered":"<p style=\"text-align: justify;\"><img loading=\"lazy\" class=\"alignnone size-full wp-image-189799\" src=\"https:\/\/mspontocom.com.br\/site\/wp-content\/uploads\/2024\/04\/site-sebrae-anuncia-os-cursos-gratuitos-em-abril-para-campo-grand-sebrae2.jpg\" alt=\"\" width=\"920\" height=\"489\" srcset=\"https:\/\/mspontocom.com.br\/site\/wp-content\/uploads\/2024\/04\/site-sebrae-anuncia-os-cursos-gratuitos-em-abril-para-campo-grand-sebrae2.jpg 920w, https:\/\/mspontocom.com.br\/site\/wp-content\/uploads\/2024\/04\/site-sebrae-anuncia-os-cursos-gratuitos-em-abril-para-campo-grand-sebrae2-260x138.jpg 260w, https:\/\/mspontocom.com.br\/site\/wp-content\/uploads\/2024\/04\/site-sebrae-anuncia-os-cursos-gratuitos-em-abril-para-campo-grand-sebrae2-768x408.jpg 768w\" sizes=\"(max-width: 920px) 100vw, 920px\" \/>Para promover o empreendedorismo, o Sebrae\/MS preparou uma agenda de oficinas e palestras gratuitas para o m\u00eas de abril, na sede (Av. Mato Grosso, 1661) e nas unidades dos bairros Parati\/Aero Rancho (Rua da Divis\u00e3o, 545) e Nova Lima (Rua Jer\u00f4nimo de Albuquerque, 1758).<\/p>\n<p style=\"text-align: justify;\">Os interessados podem se inscrever na\u00a0Loja Virtual do Sebrae.<\/p>\n<p style=\"text-align: justify;\">\u00a0<strong>No dia 9, das 19h \u00e0s 22h<\/strong>, tem a oficina \u201cComo Se Tornar Um Micro Empreendedor Individual\u201d, que ensinar\u00e1 sobre os processos, obriga\u00e7\u00f5es, responsabilidades e benef\u00edcios em se formalizar como um microempreendedor individual (MEI).<\/p>\n<p style=\"text-align: justify;\"><strong>Na quinta-feira (11), das 18h \u00e0s 22h,<\/strong> acontecer\u00e1 a palestra \u201cComo Vender Mais Atrav\u00e9s da Presen\u00e7a Digital\u201d, que abordar\u00e1 os pilares da presen\u00e7a digital, assim como o desenvolvimento de estrat\u00e9gias de marketing digital customizadas para neg\u00f3cios, com o objetivo de obter melhores resultados.<\/p>\n<p style=\"text-align: justify;\"><strong>Nos dias 16 e 17, das 14h \u00e0s 18h,<\/strong> ser\u00e1 realizada a oficina \u201cVisualizando Meu Neg\u00f3cio no Papel\u201d, que mostrar\u00e1 ao empreendedor como estruturar o modelo de neg\u00f3cio, estrat\u00e9gias e o preparo para a a\u00e7\u00e3o. Os participantes ir\u00e3o realizar a constru\u00e7\u00e3o de um mapa visual do neg\u00f3cio utilizando a metodologia Canvas.<\/p>\n<p style=\"text-align: justify;\"><strong>J\u00e1 nos dias 23 e 24, das 18h \u00e0s 22h<\/strong>, acontece a oficina \u201cFilosofia 5S &#8211; a Base da Qualidade\u201d.<\/p>\n<p style=\"text-align: justify;\">A capacita\u00e7\u00e3o visa apresentar os benef\u00edcios e orientar a implanta\u00e7\u00e3o da \u201cFilosofia 5S\u201d nos pequenos neg\u00f3cios.<\/p>\n<p style=\"text-align: justify;\">Para finalizar as capacita\u00e7\u00f5es na sede, <strong>no dia 25, 18h \u00e0s 22h<\/strong> ocorre a oficina \u201cFluxo de Caixa e Capital de Giro\u201d, que abordar\u00e1 como definir e atingir objetivos que satisfa\u00e7am as necessidades do neg\u00f3cio, assumir responsabilidade pelas pr\u00f3prias decis\u00f5es e reconhecer a import\u00e2ncia da gest\u00e3o para o sucesso da empresa.<\/p>\n<p style=\"text-align: justify;\"><strong>Capacita\u00e7\u00f5es no Sebrae Nova Lima<\/strong><\/p>\n<p style=\"text-align: justify;\"><strong>No dia 11, das 18h \u00e0s 22h<\/strong>, ser\u00e1 realizada a oficina \u201cFa\u00e7a Vitrines para Atrair Clientes e Vender Mais\u201d, que orientar\u00e1 os participantes sobre as tend\u00eancias atuais de vitrines que fazem a diferen\u00e7a e possibilitam a montagem dentro das exig\u00eancias do mercado.<\/p>\n<p style=\"text-align: justify;\">Finalizando a agenda do Sebrae Nova Lima, acontece entre os <strong>dias 23 e 25<\/strong> a palestra \u201cHigiene e Manipula\u00e7\u00e3o de Alimentos\u201d, das 18h \u00e0s 22h. A capacita\u00e7\u00e3o orienta os participantes sobre quest\u00f5es relacionadas \u00e0 seguran\u00e7a alimentar no processo de elabora\u00e7\u00e3o dos alimentos, nas formas de armazenamento e conserva\u00e7\u00e3o e em outras pr\u00e1ticas que aprimorar\u00e3o o neg\u00f3cio.<\/p>\n<p style=\"text-align: justify;\"><strong>Capacita\u00e7\u00f5es no Sebrae Parati\/Aero Rancho<\/strong><\/p>\n<p style=\"text-align: justify;\"><strong>No dia 9 de abril<\/strong>, das 18h \u00e0s 22h, ser\u00e1 realizada a oficina \u201cFa\u00e7a Vitrines para Atrair Clientes e Vender Mais\u201d, que orientar\u00e1 os participantes sobre as tend\u00eancias atuais de vitrines que fazem a diferen\u00e7a e possibilitam a montagem dentro das exig\u00eancias do mercado.<\/p>\n<p style=\"text-align: justify;\">Para finalizar as a\u00e7\u00f5es no Sebrae Nova Lima, <strong>nos dias 15 e 16<\/strong>, acontece, das 18h \u00e0s 22h, a oficina \u201cVisualizando Meu Neg\u00f3cio no Papel\u201d.<\/p>\n<p style=\"text-align: justify;\">Os participantes ser\u00e3o instru\u00eddos sobre como estruturar o modelo de neg\u00f3cio, estrat\u00e9gias e o preparo para a a\u00e7\u00e3o. Os participantes ir\u00e3o realizar a constru\u00e7\u00e3o de um mapa visual do neg\u00f3cio utilizando a metodologia Canvas.<\/p>\n<p style=\"text-align: justify;\">Mais informa\u00e7\u00f5es aos empreendedores por meio da Central de Relacionamento do Sebrae, no n\u00famero 0800 570 0800.<\/p>\n<p style=\"text-align: justify;\">Veja mais not\u00edcias em: <a href=\"http:\/\/www.mspontocom.com.br\/\">www.mspontocom.com.br<\/a><\/p>\n<p style=\"text-align: justify;\">Nosso twitter: @mspontocom<\/p>\n","protected":false},"excerpt":{"rendered":"<p>Para promover o empreendedorismo, o Sebrae\/MS preparou uma agenda de oficinas e palestras gratuitas para o m\u00eas de abril, na sede (Av. Mato Grosso, 1661) e nas unidades dos bairros Parati\/Aero Rancho (Rua da Divis\u00e3o, 545) e Nova Lima (Rua Jer\u00f4nimo de Albuquerque, 1758). Os interessados podem se inscrever na\u00a0Loja Virtual do Sebrae. \u00a0No dia [&hellip;]<\/p>\n","protected":false},"author":2,"featured_media":189799,"comment_status":"open","ping_status":"open","sticky":false,"template":"","format":"standard","meta":{"_monsterinsights_skip_tracking":false,"_monsterinsights_sitenote_active":false,"_monsterinsights_sitenote_note":"","_monsterinsights_sitenote_category":0},"categories":[4328,15],"tags":[24902,123,2162,536],"aioseo_notices":[],"_links":{"self":[{"href":"https:\/\/mspontocom.com.br\/site\/wp-json\/wp\/v2\/posts\/189798"}],"collection":[{"href":"https:\/\/mspontocom.com.br\/site\/wp-json\/wp\/v2\/posts"}],"about":[{"href":"https:\/\/mspontocom.com.br\/site\/wp-json\/wp\/v2\/types\/post"}],"author":[{"embeddable":true,"href":"https:\/\/mspontocom.com.br\/site\/wp-json\/wp\/v2\/users\/2"}],"replies":[{"embeddable":true,"href":"https:\/\/mspontocom.com.br\/site\/wp-json\/wp\/v2\/comments?post=189798"}],"version-history":[{"count":1,"href":"https:\/\/mspontocom.com.br\/site\/wp-json\/wp\/v2\/posts\/189798\/revisions"}],"predecessor-version":[{"id":189800,"href":"https:\/\/mspontocom.com.br\/site\/wp-json\/wp\/v2\/posts\/189798\/revisions\/189800"}],"wp:featuredmedia":[{"embeddable":true,"href":"https:\/\/mspontocom.com.br\/site\/wp-json\/wp\/v2\/media\/189799"}],"wp:attachment":[{"href":"https:\/\/mspontocom.com.br\/site\/wp-json\/wp\/v2\/media?parent=189798"}],"wp:term":[{"taxonomy":"category","embeddable":true,"href":"https:\/\/mspontocom.com.br\/site\/wp-json\/wp\/v2\/categories?post=189798"},{"taxonomy":"post_tag","embeddable":true,"href":"https:\/\/mspontocom.com.br\/site\/wp-json\/wp\/v2\/tags?post=189798"}],"curies":[{"name":"wp","href":"https:\/\/api.w.org\/{rel}","templated":true}]}}