{"id":189978,"date":"2024-04-15T05:48:43","date_gmt":"2024-04-15T09:48:43","guid":{"rendered":"https:\/\/mspontocom.com.br\/site\/?p=189978"},"modified":"2024-04-15T05:48:43","modified_gmt":"2024-04-15T09:48:43","slug":"entidades-criticam-lula-por-nao-condenar-ataques-do-ira","status":"publish","type":"post","link":"https:\/\/mspontocom.com.br\/site\/entidades-criticam-lula-por-nao-condenar-ataques-do-ira\/","title":{"rendered":"Entidades criticam Lula por n\u00e3o condenar ataques do Ir\u00e3"},"content":{"rendered":"<p style=\"text-align: justify;\"><img loading=\"lazy\" class=\"alignnone size-full wp-image-189988\" src=\"https:\/\/mspontocom.com.br\/site\/wp-content\/uploads\/2024\/04\/site-entidades-criticam-lula-por-nao-condenar-ataques-do-ira-lula-hamas-terror.jpg\" alt=\"\" width=\"747\" height=\"418\" srcset=\"https:\/\/mspontocom.com.br\/site\/wp-content\/uploads\/2024\/04\/site-entidades-criticam-lula-por-nao-condenar-ataques-do-ira-lula-hamas-terror.jpg 747w, https:\/\/mspontocom.com.br\/site\/wp-content\/uploads\/2024\/04\/site-entidades-criticam-lula-por-nao-condenar-ataques-do-ira-lula-hamas-terror-260x145.jpg 260w\" sizes=\"(max-width: 747px) 100vw, 747px\" \/>A decis\u00e3o do governo<strong> Lula<\/strong> de n\u00e3o condenar os ataques do Ir\u00e3 contra Israel\u00a0 foi criticada por entidades judaicas, que entendem que o Itamaraty colocou o Brasil \u201cao lado da teocracia iraniana\u201d.<\/p>\n<p style=\"text-align: justify;\"><em>\u201cA posi\u00e7\u00e3o do governo brasileiro \u00e9 mais uma vez frustrante; o mundo democr\u00e1tico e v\u00e1rios pa\u00edses do\u00a0Oriente M\u00e9dio\u00a0se uniram a Israel em condenar e combater o ataque do Ir\u00e3\u201d,<\/em> disse Cl\u00e1udio Lottenberg, presidente da <strong>Confedera\u00e7\u00e3o Israelita do Brasil<\/strong> ao classificar a posi\u00e7\u00e3o do governo Lula como \u201clament\u00e1vel\u201d.<\/p>\n<p style=\"text-align: justify;\">O <strong>Instituto Brasil-Israel (IBI)<\/strong> endossou as cr\u00edticas.<\/p>\n<p style=\"text-align: justify;\"><em>\u201cAo ler a nota do governo brasileiro, fica evidente a oportunidade perdida de condenar um ataque internacional flagrantemente ilegal que pode gerar instabilidade regional de escala imprevis\u00edvel\u201d<\/em>, disse Manoela Miklos, diretora-executiva do IBI.<\/p>\n<p style=\"text-align: justify;\">Veja mais not\u00edcias em: <a href=\"http:\/\/www.mspontocom.com.br\/\">www.mspontocom.com.br<\/a><\/p>\n<p style=\"text-align: justify;\">Nosso twitter: @mspontocom<\/p>\n","protected":false},"excerpt":{"rendered":"<p>A decis\u00e3o do governo Lula de n\u00e3o condenar os ataques do Ir\u00e3 contra Israel\u00a0 foi criticada por entidades judaicas, que entendem que o Itamaraty colocou o Brasil \u201cao lado da teocracia iraniana\u201d. \u201cA posi\u00e7\u00e3o do governo brasileiro \u00e9 mais uma vez frustrante; o mundo democr\u00e1tico e v\u00e1rios pa\u00edses do\u00a0Oriente M\u00e9dio\u00a0se uniram a Israel em condenar [&hellip;]<\/p>\n","protected":false},"author":2,"featured_media":189988,"comment_status":"open","ping_status":"open","sticky":false,"template":"","format":"standard","meta":{"_monsterinsights_skip_tracking":false,"_monsterinsights_sitenote_active":false,"_monsterinsights_sitenote_note":"","_monsterinsights_sitenote_category":0},"categories":[6,30260,7,30259,12],"tags":[25403,39136,5019,299,41084],"aioseo_notices":[],"_links":{"self":[{"href":"https:\/\/mspontocom.com.br\/site\/wp-json\/wp\/v2\/posts\/189978"}],"collection":[{"href":"https:\/\/mspontocom.com.br\/site\/wp-json\/wp\/v2\/posts"}],"about":[{"href":"https:\/\/mspontocom.com.br\/site\/wp-json\/wp\/v2\/types\/post"}],"author":[{"embeddable":true,"href":"https:\/\/mspontocom.com.br\/site\/wp-json\/wp\/v2\/users\/2"}],"replies":[{"embeddable":true,"href":"https:\/\/mspontocom.com.br\/site\/wp-json\/wp\/v2\/comments?post=189978"}],"version-history":[{"count":2,"href":"https:\/\/mspontocom.com.br\/site\/wp-json\/wp\/v2\/posts\/189978\/revisions"}],"predecessor-version":[{"id":189989,"href":"https:\/\/mspontocom.com.br\/site\/wp-json\/wp\/v2\/posts\/189978\/revisions\/189989"}],"wp:featuredmedia":[{"embeddable":true,"href":"https:\/\/mspontocom.com.br\/site\/wp-json\/wp\/v2\/media\/189988"}],"wp:attachment":[{"href":"https:\/\/mspontocom.com.br\/site\/wp-json\/wp\/v2\/media?parent=189978"}],"wp:term":[{"taxonomy":"category","embeddable":true,"href":"https:\/\/mspontocom.com.br\/site\/wp-json\/wp\/v2\/categories?post=189978"},{"taxonomy":"post_tag","embeddable":true,"href":"https:\/\/mspontocom.com.br\/site\/wp-json\/wp\/v2\/tags?post=189978"}],"curies":[{"name":"wp","href":"https:\/\/api.w.org\/{rel}","templated":true}]}}