{"id":190270,"date":"2024-04-25T04:30:59","date_gmt":"2024-04-25T08:30:59","guid":{"rendered":"https:\/\/mspontocom.com.br\/site\/?p=190270"},"modified":"2024-04-25T06:46:49","modified_gmt":"2024-04-25T10:46:49","slug":"azambuja-reitera-apoio-a-viviane-fontoura-pre-candidata-a-camara-de-campo-grande","status":"publish","type":"post","link":"https:\/\/mspontocom.com.br\/site\/azambuja-reitera-apoio-a-viviane-fontoura-pre-candidata-a-camara-de-campo-grande\/","title":{"rendered":"Azambuja reitera apoio a Viviane Fontoura, pr\u00e9-candidata \u00e0 C\u00e2mara de Campo Grande"},"content":{"rendered":"<p style=\"text-align: justify;\"><img loading=\"lazy\" class=\"alignnone size-full wp-image-190271\" src=\"https:\/\/mspontocom.com.br\/site\/wp-content\/uploads\/2024\/04\/site-azambuja-reitera-apoio-a-viviane-fontoura-pre-candidata-a-camara-de-campo-grande-vi1-e1713979393840.jpg\" alt=\"\" width=\"1244\" height=\"1012\" srcset=\"https:\/\/mspontocom.com.br\/site\/wp-content\/uploads\/2024\/04\/site-azambuja-reitera-apoio-a-viviane-fontoura-pre-candidata-a-camara-de-campo-grande-vi1-e1713979393840.jpg 1244w, https:\/\/mspontocom.com.br\/site\/wp-content\/uploads\/2024\/04\/site-azambuja-reitera-apoio-a-viviane-fontoura-pre-candidata-a-camara-de-campo-grande-vi1-e1713979393840-260x212.jpg 260w, https:\/\/mspontocom.com.br\/site\/wp-content\/uploads\/2024\/04\/site-azambuja-reitera-apoio-a-viviane-fontoura-pre-candidata-a-camara-de-campo-grande-vi1-e1713979393840-1024x833.jpg 1024w, https:\/\/mspontocom.com.br\/site\/wp-content\/uploads\/2024\/04\/site-azambuja-reitera-apoio-a-viviane-fontoura-pre-candidata-a-camara-de-campo-grande-vi1-e1713979393840-768x625.jpg 768w\" sizes=\"(max-width: 1244px) 100vw, 1244px\" \/>A pr\u00e9-candidata \u00e0 C\u00e2mara Municipal de Campo Grande,\u00a0 <strong>Viviane Fontoura<\/strong> foi recebida pelo pelo presidente regional do PSDB e ex-governador de Mato Grosso do Sul <strong>Reinaldo Azambuja<\/strong> em visita especial na tarde desta ter\u00e7a-feira 23 de abril.<\/p>\n<p style=\"text-align: justify;\">Viviane \u00e9 empres\u00e1ria, empreendedora e ativista social, casada h\u00e1 25 anos, m\u00e3e de tr\u00eas filhos e pretende defender, caso eleita vereadora da capital , os valores da fam\u00edlia , da justi\u00e7a social e do empreendedorismo.<\/p>\n<p style=\"text-align: justify;\">A pr\u00e9-candidata tem forte servi\u00e7o prestados \u00e0s comunidades mais carentes da Capital.<\/p>\n<p><img loading=\"lazy\" class=\"alignnone size-full wp-image-190272\" src=\"https:\/\/mspontocom.com.br\/site\/wp-content\/uploads\/2024\/04\/site-azambuja-reitera-apoio-a-viviane-fontoura-pre-candidata-a-camara-de-campo-grande-vi2-e1713979474959.jpg\" alt=\"\" width=\"1492\" height=\"868\" srcset=\"https:\/\/mspontocom.com.br\/site\/wp-content\/uploads\/2024\/04\/site-azambuja-reitera-apoio-a-viviane-fontoura-pre-candidata-a-camara-de-campo-grande-vi2-e1713979474959.jpg 1492w, https:\/\/mspontocom.com.br\/site\/wp-content\/uploads\/2024\/04\/site-azambuja-reitera-apoio-a-viviane-fontoura-pre-candidata-a-camara-de-campo-grande-vi2-e1713979474959-260x151.jpg 260w, https:\/\/mspontocom.com.br\/site\/wp-content\/uploads\/2024\/04\/site-azambuja-reitera-apoio-a-viviane-fontoura-pre-candidata-a-camara-de-campo-grande-vi2-e1713979474959-1024x596.jpg 1024w, https:\/\/mspontocom.com.br\/site\/wp-content\/uploads\/2024\/04\/site-azambuja-reitera-apoio-a-viviane-fontoura-pre-candidata-a-camara-de-campo-grande-vi2-e1713979474959-768x447.jpg 768w\" sizes=\"(max-width: 1492px) 100vw, 1492px\" \/><\/p>\n<p style=\"text-align: justify;\"><span style=\"font-size: 18pt;\"><strong>Inicia\u00e7\u00e3o Pol\u00edtica<\/strong><\/span><\/p>\n<p style=\"text-align: justify;\">Em 2021, atrav\u00e9s de convite do atual diretor-presidente da Agems, <strong>Carlos Albertode\u00a0 Assis<\/strong>,\u00a0 Viviane participou ativamente da campanha eleitoral\u00a0 de <strong>Eduardo Riedel<\/strong> ao governo do estado,\u00a0 por acreditar que desde a administra\u00e7\u00e3o de Reinaldo Azambuja o PSDB vem contribuindo com um futuro melhor para todos os sul-matogrossenses.<\/p>\n<p><img loading=\"lazy\" class=\"alignnone size-full wp-image-190273\" src=\"https:\/\/mspontocom.com.br\/site\/wp-content\/uploads\/2024\/04\/site-azambuja-reitera-apoio-a-viviane-fontoura-pre-candidata-a-camara-de-campo-grande-vi3-e1713979555501.jpg\" alt=\"\" width=\"950\" height=\"764\" srcset=\"https:\/\/mspontocom.com.br\/site\/wp-content\/uploads\/2024\/04\/site-azambuja-reitera-apoio-a-viviane-fontoura-pre-candidata-a-camara-de-campo-grande-vi3-e1713979555501.jpg 950w, https:\/\/mspontocom.com.br\/site\/wp-content\/uploads\/2024\/04\/site-azambuja-reitera-apoio-a-viviane-fontoura-pre-candidata-a-camara-de-campo-grande-vi3-e1713979555501-260x209.jpg 260w, https:\/\/mspontocom.com.br\/site\/wp-content\/uploads\/2024\/04\/site-azambuja-reitera-apoio-a-viviane-fontoura-pre-candidata-a-camara-de-campo-grande-vi3-e1713979555501-768x618.jpg 768w\" sizes=\"(max-width: 950px) 100vw, 950px\" \/><\/p>\n<p style=\"text-align: justify;\"><span style=\"font-size: 18pt;\"><strong>For\u00e7a feminina e trabalhos comunit\u00e1rios<\/strong><\/span><\/p>\n<p style=\"text-align: justify;\">Com o apoio da alta c\u00fapula tucana do estado, e com incont\u00e1veis trabalhos junto \u00e0 comunidade, Viviane Fontoura surge como uma nova for\u00e7a pol\u00edtica de Campo Grande<\/p>\n","protected":false},"excerpt":{"rendered":"<p>A pr\u00e9-candidata \u00e0 C\u00e2mara Municipal de Campo Grande,\u00a0 Viviane Fontoura foi recebida pelo pelo presidente regional do PSDB e ex-governador de Mato Grosso do Sul Reinaldo Azambuja em visita especial na tarde desta ter\u00e7a-feira 23 de abril. Viviane \u00e9 empres\u00e1ria, empreendedora e ativista social, casada h\u00e1 25 anos, m\u00e3e de tr\u00eas filhos e pretende defender, [&hellip;]<\/p>\n","protected":false},"author":2,"featured_media":190271,"comment_status":"open","ping_status":"open","sticky":false,"template":"","format":"standard","meta":{"_monsterinsights_skip_tracking":false,"_monsterinsights_sitenote_active":false,"_monsterinsights_sitenote_note":"","_monsterinsights_sitenote_category":0},"categories":[4328,12],"tags":[123,25895,5544,40643],"aioseo_notices":[],"_links":{"self":[{"href":"https:\/\/mspontocom.com.br\/site\/wp-json\/wp\/v2\/posts\/190270"}],"collection":[{"href":"https:\/\/mspontocom.com.br\/site\/wp-json\/wp\/v2\/posts"}],"about":[{"href":"https:\/\/mspontocom.com.br\/site\/wp-json\/wp\/v2\/types\/post"}],"author":[{"embeddable":true,"href":"https:\/\/mspontocom.com.br\/site\/wp-json\/wp\/v2\/users\/2"}],"replies":[{"embeddable":true,"href":"https:\/\/mspontocom.com.br\/site\/wp-json\/wp\/v2\/comments?post=190270"}],"version-history":[{"count":1,"href":"https:\/\/mspontocom.com.br\/site\/wp-json\/wp\/v2\/posts\/190270\/revisions"}],"predecessor-version":[{"id":190274,"href":"https:\/\/mspontocom.com.br\/site\/wp-json\/wp\/v2\/posts\/190270\/revisions\/190274"}],"wp:featuredmedia":[{"embeddable":true,"href":"https:\/\/mspontocom.com.br\/site\/wp-json\/wp\/v2\/media\/190271"}],"wp:attachment":[{"href":"https:\/\/mspontocom.com.br\/site\/wp-json\/wp\/v2\/media?parent=190270"}],"wp:term":[{"taxonomy":"category","embeddable":true,"href":"https:\/\/mspontocom.com.br\/site\/wp-json\/wp\/v2\/categories?post=190270"},{"taxonomy":"post_tag","embeddable":true,"href":"https:\/\/mspontocom.com.br\/site\/wp-json\/wp\/v2\/tags?post=190270"}],"curies":[{"name":"wp","href":"https:\/\/api.w.org\/{rel}","templated":true}]}}