{"id":190307,"date":"2024-04-25T08:35:34","date_gmt":"2024-04-25T12:35:34","guid":{"rendered":"https:\/\/mspontocom.com.br\/site\/?p=190307"},"modified":"2024-04-25T08:35:34","modified_gmt":"2024-04-25T12:35:34","slug":"eleicoes-2024-instituto-divulga-pesquisa-para-a-prefeitura-de-campo-grande","status":"publish","type":"post","link":"https:\/\/mspontocom.com.br\/site\/eleicoes-2024-instituto-divulga-pesquisa-para-a-prefeitura-de-campo-grande\/","title":{"rendered":"Elei\u00e7\u00f5es 2024: Instituto divulga pesquisa para a prefeitura de Campo Grande"},"content":{"rendered":"<p style=\"text-align: justify;\"><img loading=\"lazy\" class=\"alignnone size-full wp-image-190309\" src=\"https:\/\/mspontocom.com.br\/site\/wp-content\/uploads\/2024\/04\/site-instituto-divulga-pesquisa-para-a-prefeitura-de-campo-grande-prefcg.jpg\" alt=\"\" width=\"640\" height=\"363\" srcset=\"https:\/\/mspontocom.com.br\/site\/wp-content\/uploads\/2024\/04\/site-instituto-divulga-pesquisa-para-a-prefeitura-de-campo-grande-prefcg.jpg 640w, https:\/\/mspontocom.com.br\/site\/wp-content\/uploads\/2024\/04\/site-instituto-divulga-pesquisa-para-a-prefeitura-de-campo-grande-prefcg-260x147.jpg 260w\" sizes=\"(max-width: 640px) 100vw, 640px\" \/>O Instituto Paran\u00e1 Pesquisa divulgou a primeira sondagem para as elei\u00e7\u00f5es municipais de 2024 na Capital<\/p>\n<p style=\"text-align: justify;\">Pesquisa de opini\u00e3o p\u00fablica realizada no munic\u00edpio de\u00a0<b>Campo Grande<\/b> com o objetivo de consultar \u00e0 popula\u00e7\u00e3o sobre a situa\u00e7\u00e3o eleitoral para o Executivo Municipal.<\/p>\n<p style=\"text-align: justify;\"><span style=\"font-size: 14pt;\"><strong>Situa\u00e7\u00e3o Eleitoral \u2013 Prefeito<\/strong><\/span><\/p>\n<p style=\"text-align: justify;\">\nN\u00e3o sabe\/ N\u00e3o respondeu\u00a0 4,9 %<br \/>\nNenhum\/ Branco\/ Nulo\u00a0 \u00a0 \u00a010,6 %<br \/>\nAndr\u00e9 Puccinelli\u00a0 \u00a026,4 %<br \/>\nRose Modesto\u00a0 \u00a0 \u00a0 \u00a0 19,5 %<br \/>\nAdriane Lopes\u00a0 \u00a0 \u00a0 \u00a0 14,4 %<br \/>\nBeto Pereira\u00a0 \u00a0 \u00a0 \u00a0 \u00a0 \u00a0 11,5 %<br \/>\nCamila Jara\u00a0 \u00a0 \u00a0 \u00a0 \u00a0 \u00a0 \u00a0 \u00a06,5 %<br \/>\nRafael Tavares\u00a0 \u00a0 \u00a0 \u00a0 \u00a0 5,0 %<br \/>\nJaime Verruck\u00a0 \u00a0 \u00a0 \u00a0 \u00a0 1,3 %<\/p>\n<p>&nbsp;<\/p>\n<p style=\"text-align: justify;\">Coleta de dados realizada atrav\u00e9s de entrevistas pessoais, entre os dias 19 e 24 de abril de 2024.<\/p>\n<p style=\"text-align: justify;\">Para a realiza\u00e7\u00e3o desta pesquisa foi utilizada uma amostra de 800 eleitores. Tal amostra representativa\u00a0 do munic\u00edpio de Campo Grande atinge um grau de confian\u00e7a de 95,0%<\/p>\n<p><a href=\"https:\/\/parlink.paranapesquisas.com.br\/cl\/PRrFq\/CZD\/5079\/F3jSwo-Ic_g\/BMWi\/MW-7HiwAQKP\/2\/\" target=\"_blank\" rel=\"noopener\" data-saferedirecturl=\"https:\/\/www.google.com\/url?q=https:\/\/parlink.paranapesquisas.com.br\/cl\/PRrFq\/CZD\/5079\/F3jSwo-Ic_g\/BMWi\/MW-7HiwAQKP\/2\/&amp;source=gmail&amp;ust=1714133547837000&amp;usg=AOvVaw1nyQF6nYyIa6Q2fzTRE5MH\">Acesse a pesquisa na \u00edntegra.<\/a><\/p>\n<h1 class=\"s-title\" style=\"text-align: justify;\"><span style=\"font-size: 12pt;\"><strong>Registro TSE n\u00ba MS-05358\/2024<\/strong><\/span><\/h1>\n","protected":false},"excerpt":{"rendered":"<p>O Instituto Paran\u00e1 Pesquisa divulgou a primeira sondagem para as elei\u00e7\u00f5es municipais de 2024 na Capital Pesquisa de opini\u00e3o p\u00fablica realizada no munic\u00edpio de\u00a0Campo Grande com o objetivo de consultar \u00e0 popula\u00e7\u00e3o sobre a situa\u00e7\u00e3o eleitoral para o Executivo Municipal. Situa\u00e7\u00e3o Eleitoral \u2013 Prefeito N\u00e3o sabe\/ N\u00e3o respondeu\u00a0 4,9 % Nenhum\/ Branco\/ Nulo\u00a0 \u00a0 \u00a010,6 [&hellip;]<\/p>\n","protected":false},"author":2,"featured_media":190309,"comment_status":"open","ping_status":"open","sticky":false,"template":"","format":"standard","meta":{"_monsterinsights_skip_tracking":false,"_monsterinsights_sitenote_active":false,"_monsterinsights_sitenote_note":"","_monsterinsights_sitenote_category":0},"categories":[4328],"tags":[123,41150,27171,165],"aioseo_notices":[],"_links":{"self":[{"href":"https:\/\/mspontocom.com.br\/site\/wp-json\/wp\/v2\/posts\/190307"}],"collection":[{"href":"https:\/\/mspontocom.com.br\/site\/wp-json\/wp\/v2\/posts"}],"about":[{"href":"https:\/\/mspontocom.com.br\/site\/wp-json\/wp\/v2\/types\/post"}],"author":[{"embeddable":true,"href":"https:\/\/mspontocom.com.br\/site\/wp-json\/wp\/v2\/users\/2"}],"replies":[{"embeddable":true,"href":"https:\/\/mspontocom.com.br\/site\/wp-json\/wp\/v2\/comments?post=190307"}],"version-history":[{"count":1,"href":"https:\/\/mspontocom.com.br\/site\/wp-json\/wp\/v2\/posts\/190307\/revisions"}],"predecessor-version":[{"id":190310,"href":"https:\/\/mspontocom.com.br\/site\/wp-json\/wp\/v2\/posts\/190307\/revisions\/190310"}],"wp:featuredmedia":[{"embeddable":true,"href":"https:\/\/mspontocom.com.br\/site\/wp-json\/wp\/v2\/media\/190309"}],"wp:attachment":[{"href":"https:\/\/mspontocom.com.br\/site\/wp-json\/wp\/v2\/media?parent=190307"}],"wp:term":[{"taxonomy":"category","embeddable":true,"href":"https:\/\/mspontocom.com.br\/site\/wp-json\/wp\/v2\/categories?post=190307"},{"taxonomy":"post_tag","embeddable":true,"href":"https:\/\/mspontocom.com.br\/site\/wp-json\/wp\/v2\/tags?post=190307"}],"curies":[{"name":"wp","href":"https:\/\/api.w.org\/{rel}","templated":true}]}}