{"id":190479,"date":"2024-05-03T05:35:17","date_gmt":"2024-05-03T09:35:17","guid":{"rendered":"https:\/\/mspontocom.com.br\/site\/?p=190479"},"modified":"2024-05-03T08:41:10","modified_gmt":"2024-05-03T12:41:10","slug":"neste-sabado-tem-feira-de-adocao-de-pets-em-campo-grande","status":"publish","type":"post","link":"https:\/\/mspontocom.com.br\/site\/neste-sabado-tem-feira-de-adocao-de-pets-em-campo-grande\/","title":{"rendered":"Neste s\u00e1bado tem Feira de ado\u00e7\u00e3o de pets em Campo Grande"},"content":{"rendered":"<p style=\"text-align: justify;\"><img loading=\"lazy\" class=\"alignnone size-full wp-image-190480\" src=\"https:\/\/mspontocom.com.br\/site\/wp-content\/uploads\/2024\/05\/site-neste-sabado-tem-feira-de-adocao-de-pets-em-campo-grande-pet.jpg\" alt=\"\" width=\"1100\" height=\"777\" srcset=\"https:\/\/mspontocom.com.br\/site\/wp-content\/uploads\/2024\/05\/site-neste-sabado-tem-feira-de-adocao-de-pets-em-campo-grande-pet.jpg 1100w, https:\/\/mspontocom.com.br\/site\/wp-content\/uploads\/2024\/05\/site-neste-sabado-tem-feira-de-adocao-de-pets-em-campo-grande-pet-260x184.jpg 260w, https:\/\/mspontocom.com.br\/site\/wp-content\/uploads\/2024\/05\/site-neste-sabado-tem-feira-de-adocao-de-pets-em-campo-grande-pet-1024x723.jpg 1024w, https:\/\/mspontocom.com.br\/site\/wp-content\/uploads\/2024\/05\/site-neste-sabado-tem-feira-de-adocao-de-pets-em-campo-grande-pet-768x542.jpg 768w\" sizes=\"(max-width: 1100px) 100vw, 1100px\" \/>Neste s\u00e1bado, 04 de maio, a rede de Supermercados Comper estar\u00e1 repleta de atividades dedicadas a comunidade.<\/p>\n<p dir=\"ltr\" style=\"text-align: justify;\"><strong>Ado\u00e7\u00e3o de C\u00e3es e Gatos<\/strong><\/p>\n<p dir=\"ltr\" style=\"text-align: justify;\">Neste s\u00e1bado dia 04\/05, das 09h \u00e0s 12h no Comper Jardim dos Estados, em colabora\u00e7\u00e3o com a SUBEA e Ger\u00eancia de Urg\u00eancia e Resgate Animal, acontece a feira de ado\u00e7\u00e3o de c\u00e3es e gatos vulner\u00e1veis.<\/p>\n<p dir=\"ltr\" style=\"text-align: justify;\">O objetivo \u00e9 incentivar a ado\u00e7\u00e3o consciente e cuidados com os animais, com a meta de encontrar novos lares para 30 c\u00e3es e 30 gatos.<\/p>\n<h4 style=\"text-align: justify;\"><strong>Servi\u00e7o<\/strong><\/h4>\n<p dir=\"ltr\" style=\"text-align: justify;\">Comper Jardim dos Estados \u2013 Av. Cear\u00e1, 1553 \u2013 Jardim dos Estados<\/p>\n<p style=\"text-align: justify;\">Veja mais not\u00edcias em: <a href=\"http:\/\/www.mspontocom.com.br\/\">www.mspontocom.com.br<\/a><\/p>\n<p style=\"text-align: justify;\">Nosso \u00a0<strong>X<\/strong> (twitter): @mspontocom<\/p>\n","protected":false},"excerpt":{"rendered":"<p>Neste s\u00e1bado, 04 de maio, a rede de Supermercados Comper estar\u00e1 repleta de atividades dedicadas a comunidade. Ado\u00e7\u00e3o de C\u00e3es e Gatos Neste s\u00e1bado dia 04\/05, das 09h \u00e0s 12h no Comper Jardim dos Estados, em colabora\u00e7\u00e3o com a SUBEA e Ger\u00eancia de Urg\u00eancia e Resgate Animal, acontece a feira de ado\u00e7\u00e3o de c\u00e3es e [&hellip;]<\/p>\n","protected":false},"author":2,"featured_media":190480,"comment_status":"open","ping_status":"open","sticky":false,"template":"","format":"standard","meta":{"_monsterinsights_skip_tracking":false,"_monsterinsights_sitenote_active":false,"_monsterinsights_sitenote_note":"","_monsterinsights_sitenote_category":0},"categories":[4328],"tags":[26810,123,624,22151],"aioseo_notices":[],"_links":{"self":[{"href":"https:\/\/mspontocom.com.br\/site\/wp-json\/wp\/v2\/posts\/190479"}],"collection":[{"href":"https:\/\/mspontocom.com.br\/site\/wp-json\/wp\/v2\/posts"}],"about":[{"href":"https:\/\/mspontocom.com.br\/site\/wp-json\/wp\/v2\/types\/post"}],"author":[{"embeddable":true,"href":"https:\/\/mspontocom.com.br\/site\/wp-json\/wp\/v2\/users\/2"}],"replies":[{"embeddable":true,"href":"https:\/\/mspontocom.com.br\/site\/wp-json\/wp\/v2\/comments?post=190479"}],"version-history":[{"count":1,"href":"https:\/\/mspontocom.com.br\/site\/wp-json\/wp\/v2\/posts\/190479\/revisions"}],"predecessor-version":[{"id":190481,"href":"https:\/\/mspontocom.com.br\/site\/wp-json\/wp\/v2\/posts\/190479\/revisions\/190481"}],"wp:featuredmedia":[{"embeddable":true,"href":"https:\/\/mspontocom.com.br\/site\/wp-json\/wp\/v2\/media\/190480"}],"wp:attachment":[{"href":"https:\/\/mspontocom.com.br\/site\/wp-json\/wp\/v2\/media?parent=190479"}],"wp:term":[{"taxonomy":"category","embeddable":true,"href":"https:\/\/mspontocom.com.br\/site\/wp-json\/wp\/v2\/categories?post=190479"},{"taxonomy":"post_tag","embeddable":true,"href":"https:\/\/mspontocom.com.br\/site\/wp-json\/wp\/v2\/tags?post=190479"}],"curies":[{"name":"wp","href":"https:\/\/api.w.org\/{rel}","templated":true}]}}