{"id":190532,"date":"2024-05-06T07:15:34","date_gmt":"2024-05-06T11:15:34","guid":{"rendered":"https:\/\/mspontocom.com.br\/site\/?p=190532"},"modified":"2024-05-06T13:23:34","modified_gmt":"2024-05-06T17:23:34","slug":"feira-de-negocios-da-mulher-empreendedora-em-campo-grande","status":"publish","type":"post","link":"https:\/\/mspontocom.com.br\/site\/feira-de-negocios-da-mulher-empreendedora-em-campo-grande\/","title":{"rendered":"Feira de neg\u00f3cios da Mulher Empreendedora em Campo Grande"},"content":{"rendered":"<p style=\"text-align: justify;\"><img loading=\"lazy\" class=\"alignnone size-full wp-image-190533\" src=\"https:\/\/mspontocom.com.br\/site\/wp-content\/uploads\/2024\/05\/site-feira-de-negocios-da-mulher-empreendedora-em-campo-grande-feira.jpg\" alt=\"\" width=\"1080\" height=\"1080\" srcset=\"https:\/\/mspontocom.com.br\/site\/wp-content\/uploads\/2024\/05\/site-feira-de-negocios-da-mulher-empreendedora-em-campo-grande-feira.jpg 1080w, https:\/\/mspontocom.com.br\/site\/wp-content\/uploads\/2024\/05\/site-feira-de-negocios-da-mulher-empreendedora-em-campo-grande-feira-260x260.jpg 260w, https:\/\/mspontocom.com.br\/site\/wp-content\/uploads\/2024\/05\/site-feira-de-negocios-da-mulher-empreendedora-em-campo-grande-feira-1024x1024.jpg 1024w, https:\/\/mspontocom.com.br\/site\/wp-content\/uploads\/2024\/05\/site-feira-de-negocios-da-mulher-empreendedora-em-campo-grande-feira-150x150.jpg 150w, https:\/\/mspontocom.com.br\/site\/wp-content\/uploads\/2024\/05\/site-feira-de-negocios-da-mulher-empreendedora-em-campo-grande-feira-768x768.jpg 768w\" sizes=\"(max-width: 1080px) 100vw, 1080px\" \/>O Dia das M\u00e3es se aproxima e para quem est\u00e1 em busca de um presente especial, pode encontr\u00e1-lo na Feira de Neg\u00f3cios da Mulher Empreendedora, que ocorre entre os dias 8 e 10 de maio, na sede do Sebrae em Campo Grande.<\/p>\n<p style=\"text-align: justify;\">O evento \u00e9 uma iniciativa do Sebrae\/MS e a Associa\u00e7\u00e3o de Mulheres de Neg\u00f3cios e Profissionais (BTW CG), para fomentar o empreendedorismo feminino e proporcionar aumento de renda e networking.<\/p>\n<p style=\"text-align: justify;\">A feira contar\u00e1 com a presen\u00e7a de 24 expositoras do estado, sendo 20 delas empres\u00e1rias da BTW CG e quatro atendidas pelo programa Sebrae Delas, iniciativa do Sebrae\/MS que acelera neg\u00f3cios comandados por mulheres.<\/p>\n<p style=\"text-align: justify;\">Dentre os produtos, ser\u00e3o comercializados cal\u00e7ados, marcas de cosm\u00e9ticos, vestimentas, joias e itens de bem-estar.<\/p>\n<p style=\"text-align: justify;\"><strong>Servi\u00e7o \u2013 Feira de Neg\u00f3cios da Mulher Empreendedora<\/strong><\/p>\n<p style=\"text-align: justify;\">Quando: 08\/05, com abertura \u00e0s 16h; 09 e 10\/05: das 08h \u00e0s 17h<\/p>\n<p style=\"text-align: justify;\">Local: Sede Sebrae (Avenida Mato Grosso, 1.661, Centro, Campo Grande\/MS)<\/p>\n<p style=\"text-align: justify;\">Entrada: Gratuito<\/p>\n<p style=\"text-align: justify;\">Veja mais not\u00edcias em: <a href=\"http:\/\/www.mspontocom.com.br\/\">www.mspontocom.com.br<\/a><\/p>\n<p style=\"text-align: justify;\">Nosso \u00a0<strong>X<\/strong> (twitter): @mspontocom<\/p>\n","protected":false},"excerpt":{"rendered":"<p>O Dia das M\u00e3es se aproxima e para quem est\u00e1 em busca de um presente especial, pode encontr\u00e1-lo na Feira de Neg\u00f3cios da Mulher Empreendedora, que ocorre entre os dias 8 e 10 de maio, na sede do Sebrae em Campo Grande. O evento \u00e9 uma iniciativa do Sebrae\/MS e a Associa\u00e7\u00e3o de Mulheres de [&hellip;]<\/p>\n","protected":false},"author":2,"featured_media":190533,"comment_status":"open","ping_status":"open","sticky":false,"template":"","format":"standard","meta":{"_monsterinsights_skip_tracking":false,"_monsterinsights_sitenote_active":false,"_monsterinsights_sitenote_note":"","_monsterinsights_sitenote_category":0},"categories":[4328,15],"tags":[123,20487,18112,355],"aioseo_notices":[],"_links":{"self":[{"href":"https:\/\/mspontocom.com.br\/site\/wp-json\/wp\/v2\/posts\/190532"}],"collection":[{"href":"https:\/\/mspontocom.com.br\/site\/wp-json\/wp\/v2\/posts"}],"about":[{"href":"https:\/\/mspontocom.com.br\/site\/wp-json\/wp\/v2\/types\/post"}],"author":[{"embeddable":true,"href":"https:\/\/mspontocom.com.br\/site\/wp-json\/wp\/v2\/users\/2"}],"replies":[{"embeddable":true,"href":"https:\/\/mspontocom.com.br\/site\/wp-json\/wp\/v2\/comments?post=190532"}],"version-history":[{"count":1,"href":"https:\/\/mspontocom.com.br\/site\/wp-json\/wp\/v2\/posts\/190532\/revisions"}],"predecessor-version":[{"id":190534,"href":"https:\/\/mspontocom.com.br\/site\/wp-json\/wp\/v2\/posts\/190532\/revisions\/190534"}],"wp:featuredmedia":[{"embeddable":true,"href":"https:\/\/mspontocom.com.br\/site\/wp-json\/wp\/v2\/media\/190533"}],"wp:attachment":[{"href":"https:\/\/mspontocom.com.br\/site\/wp-json\/wp\/v2\/media?parent=190532"}],"wp:term":[{"taxonomy":"category","embeddable":true,"href":"https:\/\/mspontocom.com.br\/site\/wp-json\/wp\/v2\/categories?post=190532"},{"taxonomy":"post_tag","embeddable":true,"href":"https:\/\/mspontocom.com.br\/site\/wp-json\/wp\/v2\/tags?post=190532"}],"curies":[{"name":"wp","href":"https:\/\/api.w.org\/{rel}","templated":true}]}}