{"id":190595,"date":"2024-05-08T05:05:23","date_gmt":"2024-05-08T09:05:23","guid":{"rendered":"https:\/\/mspontocom.com.br\/site\/?p=190595"},"modified":"2024-05-08T06:45:10","modified_gmt":"2024-05-08T10:45:10","slug":"cursos-do-sebrae-de-maio-para-empreendedores-em-campo-grande","status":"publish","type":"post","link":"https:\/\/mspontocom.com.br\/site\/cursos-do-sebrae-de-maio-para-empreendedores-em-campo-grande\/","title":{"rendered":"Cursos do Sebrae de maio para empreendedores em Campo Grande"},"content":{"rendered":"<p style=\"text-align: justify;\"><img loading=\"lazy\" class=\"alignnone size-full wp-image-190601\" src=\"https:\/\/mspontocom.com.br\/site\/wp-content\/uploads\/2024\/05\/site-sebrae-oferece-cursos-de-empreendedorismo-em-campo-grande-no-mes-de-maio-sebrae2.jpg\" alt=\"\" width=\"920\" height=\"489\" srcset=\"https:\/\/mspontocom.com.br\/site\/wp-content\/uploads\/2024\/05\/site-sebrae-oferece-cursos-de-empreendedorismo-em-campo-grande-no-mes-de-maio-sebrae2.jpg 920w, https:\/\/mspontocom.com.br\/site\/wp-content\/uploads\/2024\/05\/site-sebrae-oferece-cursos-de-empreendedorismo-em-campo-grande-no-mes-de-maio-sebrae2-260x138.jpg 260w, https:\/\/mspontocom.com.br\/site\/wp-content\/uploads\/2024\/05\/site-sebrae-oferece-cursos-de-empreendedorismo-em-campo-grande-no-mes-de-maio-sebrae2-768x408.jpg 768w\" sizes=\"(max-width: 920px) 100vw, 920px\" \/>Para promover o empreendedorismo, o Sebrae\/MS preparou uma agenda de oficinas e palestras gratuitas para o m\u00eas de maio, na sede (Av. Mato Grosso, 1661) e nas unidades dos bairros Parati\/Aero Rancho (Rua da Divis\u00e3o, 545) e Nova Lima (Rua Jer\u00f4nimo de Albuquerque, 1758).<\/p>\n<p style=\"text-align: justify;\">No dia 9, das 18h \u00e0s 22h, tem a oficina \u201cFa\u00e7a vitrines para atrair clientes e vender mais\u201d, que ensinar\u00e1 sobre as tend\u00eancias atuais de vitrines que fazem a diferen\u00e7a e possibilita a montagem na pr\u00e1tica da sua vitrine dentro das exig\u00eancias e tend\u00eancias do mercado.<\/p>\n<p style=\"text-align: justify;\">Na quarta-feira (15), das 14h \u00e0s 18h, acontecer\u00e1 a palestra \u201cVisualizando meu neg\u00f3cio no papel\u201d, que mostrar\u00e1 ao empreendedor como estruturar o modelo de neg\u00f3cio, estrat\u00e9gias e o preparo para a a\u00e7\u00e3o. Os participantes ir\u00e3o realizar a constru\u00e7\u00e3o de um mapa visual do neg\u00f3cio utilizando a metodologia Canvas.<\/p>\n<p style=\"text-align: justify;\">No dia 21, das 14h \u00e0s 18h, ser\u00e1 realizada a oficina \u201cFa\u00e7a sua estrat\u00e9gia de precifica\u00e7\u00e3o\u201d, que mostrar\u00e1 ao empreendedor qual a maneira adequada de formar pre\u00e7os para o neg\u00f3cio. J\u00e1 no dia 27, das 18h30 \u00e0s 22h30, acontece a oficina \u201cAlcance recursos para os seus projetos\u201d. A capacita\u00e7\u00e3o visa apresentar t\u00e9cnicas para a elabora\u00e7\u00e3o de projetos com vistas \u00e0 obten\u00e7\u00e3o de recursos, assim como, conscientizar sobre a import\u00e2ncia de planejar previamente os projetos da organiza\u00e7\u00e3o.<\/p>\n<p style=\"text-align: justify;\">Para finalizar as capacita\u00e7\u00f5es na sede, no dia 28, 18h \u00e0s 22h ocorre a oficina \u201cFa\u00e7a mais vendas em datas comemorativas\u201d, que orientar\u00e1 aos participantes sobre o desenvolvimento de estrat\u00e9gias para campanhas em datas comemorativas.<\/p>\n<p style=\"text-align: justify;\"><strong>Capacita\u00e7\u00f5es no Sebrae Nova Lima<\/strong><\/p>\n<p style=\"text-align: justify;\">A oficina \u201cFa\u00e7a sua estrat\u00e9gia de precifica\u00e7\u00e3o\u201d acontecer\u00e1 no dia 7 no Sebrae Nova Lima, das 18h \u00e0s 22h, para capacitar potenciais empreendedores e empres\u00e1rios que tenham dificuldades na defini\u00e7\u00e3o do pre\u00e7o de venda de seus produtos.<\/p>\n<p style=\"text-align: justify;\">J\u00e1 no dia seguinte, 8 de maio, das 18h \u00e0s 22h, ser\u00e1 realizada a oficina \u201cComece a planejar o marketing de sua empresa\u201d, que orientar\u00e1 e ir\u00e1 tirar d\u00favidas dos participantes em rela\u00e7\u00e3o a planejamento de marketing. A oficina ir\u00e1 mostrar ao empreendedor estrat\u00e9gias de marketing para aplicar em sua empresa com facilidade.<\/p>\n<p style=\"text-align: justify;\"><strong>Capacita\u00e7\u00f5es no Sebrae Parati\/Aero Rancho<\/strong><\/p>\n<p style=\"text-align: justify;\">Por fim, no Sebrae Nova Lima, no dia 7, acontece, das 18h \u00e0s 22h, a oficina \u201cFa\u00e7a seu fluxo de caixa e controle seu capital de giro\u201d. Os participantes ser\u00e3o instru\u00eddos na pr\u00e1tica como obter melhores resultados com uma gest\u00e3o eficiente do caixa da empresa. Mais informa\u00e7\u00f5es aos empreendedores por meio da Central de Relacionamento do Sebrae, no n\u00famero 0800 570 0800.<\/p>\n<p style=\"text-align: justify;\">\n<p style=\"text-align: justify;\">Os interessados podem se inscrever na Loja Virtual do Sebrae, em:\u00a0<a href=\"https:\/\/t.rdsv1.net\/ls\/click?upn=u001.F6bW5qZC24waPyXGNhlNvevMTGxbGdp9nCPXQ7D4HCnGgcchRDrY1BKxgw3W-2FGbuxU36LyRHLrkOG2afJc4HrOUwlbJa0HKMF5sdemKnYsSY27nZAX-2FVbXXEWoMqjVCwQrNrO1kf-2BSxByQ-2F3jpWMueltiHT6ore-2F44bjhm-2Bp6fRc9Hev29-2FBC1QRPxCZwV1c-2FoWPkP6gCsGS2GBCgHWCiUgXZjWguI-2BQErY0GIN3a-2Fg-3DtX7R_AtvsGRYvLaLcWf5cEChDrbkrfChlfOxJ4Tffp-2BExVrUwXWIkDksoB1FgTlATvaAhJEKV5OYOUvOMNwCtvCyPeihHjivH-2FLmc9kWtdv6J8LHxjsjXb6A4agcJlhj2RqHMvHwYT7OaDdif-2Fw-2BRT-2FWtaxJmViAkP-2FgpShHC5MXV-2FTJ-2BH1RGUKRp9bDgzqmwavtJb4USm3RkbgURrTxlL5h2v08qqTHy0GAc9RJ-2FBR5SuVKa5UXqaqLQ4MBfrmlqd5zubFVmT6uIv5KSeAHus4FcVmA-2B0DjPfj6XnyRUAOnP6QJCGATzjmUb-2B33J8TGbbh-2Bv6J2VcDgSmqzb7zATY6ezd8lUP-2BsdLg2RB6JIGw0Q-2F9qxhoaeMe1nK7YpGRNfzB1hdvBxB-2Bh3DpsWwZX1y3rvssXFpE1UD8PqMvSEQIbCqY0nic-2BOQUKHgZycMWjVu28jNB4fWm3eTIlHFDlwEGxQ5IPeo-2BdOjUf1Snq-2FtY13-2FTsnY-2BrtwbuwJT9ATR89ocG44ydF2v6qeHBLiP9W12S5CBT-2Bt96o-2BOUZa8jDv3ZXA1fTu3i9sOfTFpWawKwWaUz4t-2B8gwn-2BZyQh7nGFdYe-2FGLsLMBs2j7CqOGDbSrq5ZZ0pRUq9EgtREhE-2FmyvVyfosbXdzuyPnlIU5AmYr-2FirC6ACeIbHBVnv3EKKF3k0v1XXEK4PKx5CW8K39m5xXHHg4dYRpDGKiCHMtcMjmIRWTXWQ-3D-3D\" target=\"_blank\" rel=\"noopener\" data-saferedirecturl=\"https:\/\/www.google.com\/url?q=https:\/\/t.rdsv1.net\/ls\/click?upn%3Du001.F6bW5qZC24waPyXGNhlNvevMTGxbGdp9nCPXQ7D4HCnGgcchRDrY1BKxgw3W-2FGbuxU36LyRHLrkOG2afJc4HrOUwlbJa0HKMF5sdemKnYsSY27nZAX-2FVbXXEWoMqjVCwQrNrO1kf-2BSxByQ-2F3jpWMueltiHT6ore-2F44bjhm-2Bp6fRc9Hev29-2FBC1QRPxCZwV1c-2FoWPkP6gCsGS2GBCgHWCiUgXZjWguI-2BQErY0GIN3a-2Fg-3DtX7R_AtvsGRYvLaLcWf5cEChDrbkrfChlfOxJ4Tffp-2BExVrUwXWIkDksoB1FgTlATvaAhJEKV5OYOUvOMNwCtvCyPeihHjivH-2FLmc9kWtdv6J8LHxjsjXb6A4agcJlhj2RqHMvHwYT7OaDdif-2Fw-2BRT-2FWtaxJmViAkP-2FgpShHC5MXV-2FTJ-2BH1RGUKRp9bDgzqmwavtJb4USm3RkbgURrTxlL5h2v08qqTHy0GAc9RJ-2FBR5SuVKa5UXqaqLQ4MBfrmlqd5zubFVmT6uIv5KSeAHus4FcVmA-2B0DjPfj6XnyRUAOnP6QJCGATzjmUb-2B33J8TGbbh-2Bv6J2VcDgSmqzb7zATY6ezd8lUP-2BsdLg2RB6JIGw0Q-2F9qxhoaeMe1nK7YpGRNfzB1hdvBxB-2Bh3DpsWwZX1y3rvssXFpE1UD8PqMvSEQIbCqY0nic-2BOQUKHgZycMWjVu28jNB4fWm3eTIlHFDlwEGxQ5IPeo-2BdOjUf1Snq-2FtY13-2FTsnY-2BrtwbuwJT9ATR89ocG44ydF2v6qeHBLiP9W12S5CBT-2Bt96o-2BOUZa8jDv3ZXA1fTu3i9sOfTFpWawKwWaUz4t-2B8gwn-2BZyQh7nGFdYe-2FGLsLMBs2j7CqOGDbSrq5ZZ0pRUq9EgtREhE-2FmyvVyfosbXdzuyPnlIU5AmYr-2FirC6ACeIbHBVnv3EKKF3k0v1XXEK4PKx5CW8K39m5xXHHg4dYRpDGKiCHMtcMjmIRWTXWQ-3D-3D&amp;source=gmail&amp;ust=1715249195407000&amp;usg=AOvVaw2UUdfHRTcr83x9cORkXNPN\">loja.ms.sebrae.com.br<\/a>.<\/p>\n<p style=\"text-align: justify;\">Veja mais not\u00edcias em: <a href=\"http:\/\/www.mspontocom.com.br\/\">www.mspontocom.com.br<\/a><\/p>\n<p style=\"text-align: justify;\">Nosso \u00a0<strong>X<\/strong> (twitter): @mspontocom<\/p>\n","protected":false},"excerpt":{"rendered":"<p>Para promover o empreendedorismo, o Sebrae\/MS preparou uma agenda de oficinas e palestras gratuitas para o m\u00eas de maio, na sede (Av. Mato Grosso, 1661) e nas unidades dos bairros Parati\/Aero Rancho (Rua da Divis\u00e3o, 545) e Nova Lima (Rua Jer\u00f4nimo de Albuquerque, 1758). No dia 9, das 18h \u00e0s 22h, tem a oficina \u201cFa\u00e7a [&hellip;]<\/p>\n","protected":false},"author":2,"featured_media":190601,"comment_status":"open","ping_status":"open","sticky":false,"template":"","format":"standard","meta":{"_monsterinsights_skip_tracking":false,"_monsterinsights_sitenote_active":false,"_monsterinsights_sitenote_note":"","_monsterinsights_sitenote_category":0},"categories":[4328,15],"tags":[123,2394,4233,5430,536],"aioseo_notices":[],"_links":{"self":[{"href":"https:\/\/mspontocom.com.br\/site\/wp-json\/wp\/v2\/posts\/190595"}],"collection":[{"href":"https:\/\/mspontocom.com.br\/site\/wp-json\/wp\/v2\/posts"}],"about":[{"href":"https:\/\/mspontocom.com.br\/site\/wp-json\/wp\/v2\/types\/post"}],"author":[{"embeddable":true,"href":"https:\/\/mspontocom.com.br\/site\/wp-json\/wp\/v2\/users\/2"}],"replies":[{"embeddable":true,"href":"https:\/\/mspontocom.com.br\/site\/wp-json\/wp\/v2\/comments?post=190595"}],"version-history":[{"count":2,"href":"https:\/\/mspontocom.com.br\/site\/wp-json\/wp\/v2\/posts\/190595\/revisions"}],"predecessor-version":[{"id":190602,"href":"https:\/\/mspontocom.com.br\/site\/wp-json\/wp\/v2\/posts\/190595\/revisions\/190602"}],"wp:featuredmedia":[{"embeddable":true,"href":"https:\/\/mspontocom.com.br\/site\/wp-json\/wp\/v2\/media\/190601"}],"wp:attachment":[{"href":"https:\/\/mspontocom.com.br\/site\/wp-json\/wp\/v2\/media?parent=190595"}],"wp:term":[{"taxonomy":"category","embeddable":true,"href":"https:\/\/mspontocom.com.br\/site\/wp-json\/wp\/v2\/categories?post=190595"},{"taxonomy":"post_tag","embeddable":true,"href":"https:\/\/mspontocom.com.br\/site\/wp-json\/wp\/v2\/tags?post=190595"}],"curies":[{"name":"wp","href":"https:\/\/api.w.org\/{rel}","templated":true}]}}